{"id":12763,"date":"2026-01-30T12:55:42","date_gmt":"2026-01-30T15:55:42","guid":{"rendered":"https:\/\/muycritico.com.ar\/web\/?p=12763"},"modified":"2026-01-30T12:55:42","modified_gmt":"2026-01-30T15:55:42","slug":"nuevas-tarifas-de-luz-y-gas-en-febrero-el-gobierno-nacional-quiere-darle-previsibilidad-a-los-usuarios-ante-el-impacto-de-los-meses-de-invierno","status":"publish","type":"post","link":"https:\/\/muycritico.com.ar\/web\/?p=12763","title":{"rendered":"NUEVAS TARIFAS DE LUZ Y GAS EN FEBRERO: EL GOBIERNO NACIONAL QUIERE DARLE \u201cPREVISIBILIDAD A LOS USUARIOS\u201d ANTE EL IMPACTO DE LOS MESES DE INVIERNO"},"content":{"rendered":"<p><strong>El Gobierno confirm\u00f3 que en febrero de 2026 habr\u00e1 nuevos aumentos en las tarifas. Los ajustes promedio ser\u00e1n de 3,6% para la luz y de 16,9% para el gas en todo el pa\u00eds. El objetivo, seg\u00fan explicaron fuentes oficiales, es darle previsibilidad a los usuarios y evitar que las facturas de gas tengan saltos bruscos en los meses de mayor consumo, es decir, durante el invierno.<\/strong><\/p>\n<p><!--more--><\/p>\n<p>Para el gas, el aumento promedio a nivel nacional ser\u00e1 del 16,86%. Este ajuste impactar\u00e1 en todas las categor\u00edas residenciales, aunque el porcentaje y el monto final variar\u00e1n seg\u00fan el consumo y la zona.<\/p>\n<p>Seg\u00fan consigna TN, para el caso de la electricidad, el incremento promedio ser\u00e1 del 3,59% para los usuarios del AMBA (\u00e1rea metropolitana de Buenos Aires), es decir, para quienes reciben el servicio de Edenor y Edesur. En el resto del pa\u00eds, el ajuste depender\u00e1 de cada jurisdicci\u00f3n provincial.<\/p>\n<p>C\u00f3mo impactan los aumentos de gas en los hogares<\/p>\n<p>El impacto de los aumentos ser\u00e1 diferente seg\u00fan la categor\u00eda de usuario y el nivel de consumo.<\/p>\n<p>La categor\u00eda Residencial m\u00e1s numerosa (R1), que representa el 42% del total de usuarios (casi 4 millones de hogares), tendr\u00e1 aumentos de $3000 o menos.<\/p>\n<p>Aproximadamente 1 de cada 5 usuarios ver\u00e1 un incremento menor a $1000.<\/p>\n<p>Para las primeras 4 categor\u00edas residenciales (el 70% de los usuarios de gas del pa\u00eds), los aumentos promediar\u00e1n entre $960 y $6400.<\/p>\n<p>Para el 30% restante, que corresponde a las categor\u00edas residenciales de mayor consumo, los incrementos ir\u00e1n de $2900 a $11.300 en promedio.<\/p>\n<p>Las claves de los aumentos de tarifas<\/p>\n<p>Seg\u00fan explic\u00f3 el Gobierno, las subas de febrero responden a varios factores:<\/p>\n<ul>\n<li>La cuota mensual de la Revisi\u00f3n Quinquenal Tarifaria<\/li>\n<li>Ajuste mensual por la f\u00f3rmula que sigue a la inflaci\u00f3n (IPIM+IPC), que busca que las tarifas no pierdan valor.<\/li>\n<li>Aplicaci\u00f3n del nuevo esquema de subsidios energ\u00e9ticos focalizados (SEF).<\/li>\n<li>Unificaci\u00f3n del precio del gas durante todo el a\u00f1o, lo que genera un salto en febrero, un mes de bajo consumo<\/li>\n<li>La idea oficial es que los usuarios tengan mayor previsibilidad y no sufran sobresaltos estacionales en la factura, sobre todo cuando m\u00e1s necesitan consumir gas en invierno.<\/li>\n<\/ul>\n","protected":false},"excerpt":{"rendered":"<p>El Gobierno confirm\u00f3 que en febrero de 2026 habr\u00e1 nuevos aumentos en las tarifas. Los ajustes promedio ser\u00e1n de 3,6% para la luz y de 16,9% para el gas en todo el pa\u00eds. El objetivo, seg\u00fan explicaron fuentes oficiales, es darle previsibilidad a los usuarios y evitar que las facturas de gas tengan saltos bruscos [&hellip;]<\/p>\n","protected":false},"author":2,"featured_media":12764,"comment_status":"open","ping_status":"closed","sticky":false,"template":"","format":"standard","meta":{"footnotes":""},"categories":[6],"tags":[],"class_list":["post-12763","post","type-post","status-publish","format-standard","has-post-thumbnail","hentry","category-notas"],"_links":{"self":[{"href":"https:\/\/muycritico.com.ar\/web\/index.php?rest_route=\/wp\/v2\/posts\/12763","targetHints":{"allow":["GET"]}}],"collection":[{"href":"https:\/\/muycritico.com.ar\/web\/index.php?rest_route=\/wp\/v2\/posts"}],"about":[{"href":"https:\/\/muycritico.com.ar\/web\/index.php?rest_route=\/wp\/v2\/types\/post"}],"author":[{"embeddable":true,"href":"https:\/\/muycritico.com.ar\/web\/index.php?rest_route=\/wp\/v2\/users\/2"}],"replies":[{"embeddable":true,"href":"https:\/\/muycritico.com.ar\/web\/index.php?rest_route=%2Fwp%2Fv2%2Fcomments&post=12763"}],"version-history":[{"count":1,"href":"https:\/\/muycritico.com.ar\/web\/index.php?rest_route=\/wp\/v2\/posts\/12763\/revisions"}],"predecessor-version":[{"id":12765,"href":"https:\/\/muycritico.com.ar\/web\/index.php?rest_route=\/wp\/v2\/posts\/12763\/revisions\/12765"}],"wp:featuredmedia":[{"embeddable":true,"href":"https:\/\/muycritico.com.ar\/web\/index.php?rest_route=\/wp\/v2\/media\/12764"}],"wp:attachment":[{"href":"https:\/\/muycritico.com.ar\/web\/index.php?rest_route=%2Fwp%2Fv2%2Fmedia&parent=12763"}],"wp:term":[{"taxonomy":"category","embeddable":true,"href":"https:\/\/muycritico.com.ar\/web\/index.php?rest_route=%2Fwp%2Fv2%2Fcategories&post=12763"},{"taxonomy":"post_tag","embeddable":true,"href":"https:\/\/muycritico.com.ar\/web\/index.php?rest_route=%2Fwp%2Fv2%2Ftags&post=12763"}],"curies":[{"name":"wp","href":"https:\/\/api.w.org\/{rel}","templated":true}]}}