{"id":12760,"date":"2026-01-29T21:06:35","date_gmt":"2026-01-30T00:06:35","guid":{"rendered":"https:\/\/muycritico.com.ar\/web\/?p=12760"},"modified":"2026-01-29T21:06:35","modified_gmt":"2026-01-30T00:06:35","slug":"saenz-jaldo-y-jalil-plantearon-a-nacion-el-impacto-de-la-reforma-laboral-situacion-fiscal-y-estado-de-las-rutas-nacionales","status":"publish","type":"post","link":"https:\/\/muycritico.com.ar\/web\/?p=12760","title":{"rendered":"S\u00c1ENZ, JALDO Y JALIL PLANTEARON A NACI\u00d3N EL IMPACTO DE LA REFORMA LABORAL, SITUACI\u00d3N FISCAL Y ESTADO DE LAS RUTAS NACIONALES"},"content":{"rendered":"<p><strong>Los Gobernadores de Salta, Tucum\u00e1n y Catamarca se reunieron con el ministro del Interior. \u201cDesde el Noa trabajamos de manera conjunta, defendiendo el federalismo y los recursos que le corresponden a cada provincia\u201d, expres\u00f3 S\u00e1enz.<\/strong><\/p>\n<p><!--more--><\/p>\n<p>El gobernador Gustavo S\u00e1enz fue el anfitri\u00f3n, de una reuni\u00f3n de la que participaron sus pares Osvaldo Jaldo de Tucum\u00e1n y Ra\u00fal Jalil de Catamarca, adem\u00e1s del ministro del Interior, Diego Santilli.<\/p>\n<p>En Casa de Salta se dialog\u00f3 sobre el impacto de la reforma laboral, la situaci\u00f3n fiscal de las provincias y el estado cr\u00edtico de las rutas nacionales por la falta de mantenimiento y conservaci\u00f3n.<\/p>\n<p>\u201cDesde el norte argentino trabajamos de manera conjunta, con una mirada regional, defendiendo el federalismo y los recursos que le corresponden a cada provincia\u201d, expres\u00f3 S\u00e1enz. A\u00f1adi\u00f3 que la integraci\u00f3n del Noa \u201ces clave para garantizar obras, desarrollo y oportunidades para nuestra gente\u201d.<\/p>\n<p>Con relaci\u00f3n a la ley de Modernizaci\u00f3n Laboral, S\u00e1enz advirti\u00f3 que la reducci\u00f3n de la al\u00edcuota de Ganancias impactar\u00eda en los recursos de la coparticipaci\u00f3n por lo que \u201cesta ley nos golpear\u00eda fiscalmente, as\u00ed\u00a0 que estamos buscando alternativas para resolver este tema\u201d, dijo. Y a\u00f1adi\u00f3: \u201cNo resignaremos fondos de las provincias; si eso se entiende, acompa\u00f1aremos\u201d.<\/p>\n<p>Aclar\u00f3 que los gobernadores eval\u00faan como necesaria la modernizaci\u00f3n laboral y la federalizaci\u00f3n de los convenios colectivos de trabajo, \u201cpero tambi\u00e9n el Gobierno nacional tiene que considerar y atender las urgencias que tenemos las provincias: el fuego en la Patagonia y las inundaciones en el norte, el estado de las rutas con m\u00e1s de dos a\u00f1os sin trabajos de mantenimiento ni conservaci\u00f3n que ponen en una situaci\u00f3n dif\u00edcil al norte argentino y a todo el pa\u00eds\u201d.<\/p>\n<p>Puntualiz\u00f3 adem\u00e1s que en el proyecto que present\u00f3 el Ejecutivo nacional, \u201ctenemos que comprender que es una mesa de cuatro patas: los trabajadores, los representantes de los trabajadores, las empresas y los gobernadores. Entonces hay que buscar un equilibrio y el consenso entre todos\u201d, evalu\u00f3 S\u00e1enz. Y a continuaci\u00f3n advirti\u00f3: \u201csin posturas fundamentalistas o intransigentes; decir \u201co sale as\u00ed o no sale\u201d, porque eso no sirve. No es democracia, no es di\u00e1logo, no es consenso sino imposici\u00f3n\u201d.<\/p>\n<p>\u201cPor eso buscamos alternativas; alg\u00fan tipo de compensaci\u00f3n para no seguir resignando fondos de las provincias, porque en definitiva nosotros tenemos que resolver los problemas de nuestra gente\u201d, continu\u00f3.<\/p>\n<p>Plante\u00f3 que entre las alternativas a considerar es alg\u00fan tipo de compensaci\u00f3n o la afectaci\u00f3n de otros impuestos no coparticipables como al cheque.<\/p>\n<p>Igualmente, el gobernador de Tucum\u00e1n hizo hincapi\u00e9 en la postura \u201cdialoguista\u201d de los mandatarios presentes y a\u00f1adi\u00f3: \u201cPero tiene que ser de ida y vuelta. Luego de dos a\u00f1os, nuestra voluntad, decisi\u00f3n y predisposici\u00f3n es seguir ayudando. Ahora, el gobierno nacional debe comenzar a cumplir con las provincias; ya no tenemos margen. Nos baj\u00f3 la recaudaci\u00f3n con el IVA porque el consumo no aumenta y si se vuelve a reducir la al\u00edcuota con la reforma laboral, coparticiparemos menos ganancias\u201d, se\u00f1al\u00f3.<\/p>\n<p>Por su parte, el ministro Santilli, dijo: &#8220;Estamos haciendo un trabajo conjunto con los gobernadores y el Ministerio de Econom\u00eda. Estamos atendiendo el tema de las rutas nacionales y las emergencias por incendios e inundaciones, como el caso de Corrientes. Es un trabajo que iremos puliendo en las pr\u00f3ximas semanas&#8221;, explic\u00f3 el funcionario nacional.<\/p>\n","protected":false},"excerpt":{"rendered":"<p>Los Gobernadores de Salta, Tucum\u00e1n y Catamarca se reunieron con el ministro del Interior. \u201cDesde el Noa trabajamos de manera conjunta, defendiendo el federalismo y los recursos que le corresponden a cada provincia\u201d, expres\u00f3 S\u00e1enz.<\/p>\n","protected":false},"author":2,"featured_media":12761,"comment_status":"open","ping_status":"closed","sticky":false,"template":"","format":"standard","meta":{"footnotes":""},"categories":[6],"tags":[],"class_list":["post-12760","post","type-post","status-publish","format-standard","has-post-thumbnail","hentry","category-notas"],"_links":{"self":[{"href":"https:\/\/muycritico.com.ar\/web\/index.php?rest_route=\/wp\/v2\/posts\/12760","targetHints":{"allow":["GET"]}}],"collection":[{"href":"https:\/\/muycritico.com.ar\/web\/index.php?rest_route=\/wp\/v2\/posts"}],"about":[{"href":"https:\/\/muycritico.com.ar\/web\/index.php?rest_route=\/wp\/v2\/types\/post"}],"author":[{"embeddable":true,"href":"https:\/\/muycritico.com.ar\/web\/index.php?rest_route=\/wp\/v2\/users\/2"}],"replies":[{"embeddable":true,"href":"https:\/\/muycritico.com.ar\/web\/index.php?rest_route=%2Fwp%2Fv2%2Fcomments&post=12760"}],"version-history":[{"count":1,"href":"https:\/\/muycritico.com.ar\/web\/index.php?rest_route=\/wp\/v2\/posts\/12760\/revisions"}],"predecessor-version":[{"id":12762,"href":"https:\/\/muycritico.com.ar\/web\/index.php?rest_route=\/wp\/v2\/posts\/12760\/revisions\/12762"}],"wp:featuredmedia":[{"embeddable":true,"href":"https:\/\/muycritico.com.ar\/web\/index.php?rest_route=\/wp\/v2\/media\/12761"}],"wp:attachment":[{"href":"https:\/\/muycritico.com.ar\/web\/index.php?rest_route=%2Fwp%2Fv2%2Fmedia&parent=12760"}],"wp:term":[{"taxonomy":"category","embeddable":true,"href":"https:\/\/muycritico.com.ar\/web\/index.php?rest_route=%2Fwp%2Fv2%2Fcategories&post=12760"},{"taxonomy":"post_tag","embeddable":true,"href":"https:\/\/muycritico.com.ar\/web\/index.php?rest_route=%2Fwp%2Fv2%2Ftags&post=12760"}],"curies":[{"name":"wp","href":"https:\/\/api.w.org\/{rel}","templated":true}]}}