{"id":1276,"date":"2024-03-24T12:11:34","date_gmt":"2024-03-24T15:11:34","guid":{"rendered":"https:\/\/muycritico.com.ar\/web\/?p=1276"},"modified":"2026-01-18T19:25:34","modified_gmt":"2026-01-18T22:25:34","slug":"murio-karen-la-tragedia-de-avenida-paraguay-ya-suma-4-victima-fatales","status":"publish","type":"post","link":"https:\/\/muycritico.com.ar\/web\/?p=1276","title":{"rendered":"MURI\u00d3 KAREN: LA TRAGEDIA DE AVENIDA PARAGUAY YA SUMA 4 VICTIMA FATALES"},"content":{"rendered":"<p><strong>La joven falleci\u00f3 en la madrugada de hoy tras sufrir un paro cardiorrespiratorio, seg\u00fan informaron fuentes extraoficiales, despu\u00e9s de una semana de intensa lucha por su vida. A pesar de los esfuerzos del personal m\u00e9dico y de los tratamientos a los que fue sometida, lamentablemente no se pudo revertir su estado cr\u00edtico. La tragedia iguala en v\u00edctimas fatales a la provocada por Omar Barrientos en el camping de Campo Quijano en enero de 2015<\/strong><\/p>\n<p><!--more--><\/p>\n<p>El estado de Karen Mar\u00edn era cr\u00edtico y para peor hab\u00eda contra\u00eddo dengue. El martes se encontraba internada en el Hospital San Bernardo, donde hab\u00eda sido sometida a una delicada intervenci\u00f3n quir\u00fargica en la cabeza para extraer l\u00edquido. Aunque la operaci\u00f3n aparentemente hab\u00eda sido exitosa, la joven presentaba fracturas en las costillas y un pulm\u00f3n colapsado, complicaciones que empeoraron su estado de salud, seg\u00fan informaron los medios locales.<\/p>\n<p>Durante su estad\u00eda en terapia intensiva, los m\u00e9dicos advirtieron sobre la posibilidad de secuelas graves en caso de que sobreviviera, se\u00f1alando que podr\u00eda enfrentar dificultades para caminar y para escuchar.<\/p>\n<p><iframe loading=\"lazy\" title=\"MURI\u00d3 KAREN: LA TRAGEDIA DE AVENIDA PARAGUAY YA SUMA 4 VICTIMA FATALES\" width=\"696\" height=\"392\" src=\"https:\/\/www.youtube.com\/embed\/_t_955kNuzE?feature=oembed\" frameborder=\"0\" allow=\"accelerometer; autoplay; clipboard-write; encrypted-media; gyroscope; picture-in-picture; web-share\" allowfullscreen><\/iframe><\/p>\n<p><strong>Se agrava la situaci\u00f3n judicial de los imputados<\/strong><\/p>\n<p>Mientras tanto los dos borrachos asesinos que est\u00e1n imputados en la causa, <strong>Luciano L\u00f3pez <\/strong>y<strong> Axel Mamani<\/strong>, fueron acusados por el fiscal penal 2 de la Unidad de Graves Atentados contra las Personas, <strong>Gabriel Gonz\u00e1lez <\/strong>y puestos a disposici\u00f3n de la justicia.<\/p>\n<p>Desde esa fiscal\u00eda se informa que tras la muerte de Karen Elizabeth Mar\u00edn de 27 a\u00f1os, ya se dispuso el traslado del cuerpo de la fallecida al Servicio de Tanatolog\u00eda Forense del CIF, donde se realizar\u00e1 la autopsia.<\/p>\n<p>Los delitos que se imputan a Luciano L\u00f3pez de 21 a\u00f1os, son como autor del delito de homicidio simple en perjuicio de (ahora) cuatro personas; lesiones graves en perjuicio de otras dos personas y lesiones leves en perjuicio de tres personas en concurso ideal de delitos a t\u00edtulo de dolo eventual. En cuanto a Axel Fabricio Mamani Suarez Oganecu de 20 a\u00f1os, est\u00e1 acusado como part\u00edcipe secundario.<\/p>\n<p><strong>Misma cantidad de v\u00edctimas provocadas por Omar Barrientos<\/strong><\/p>\n<p>Con esta luctuosa novedad la tragedia de avenida Paraguay alcanza la tr\u00e1gica suma de 4 v\u00edctimas fatales. Mismo n\u00famero de muertes que el siniestro vial que provoc\u00f3 <strong>Omar Barrientos<\/strong> en el camping de Campo Quijano en enero de 2015.<\/p>\n<p>Cabe recordar que tras aquel desgraciado episodio vial se implement\u00f3 la Tolerancia Cero para conducir autom\u00f3viles y rodados de cualquier cilindrada. En tanto Barrientos fue condenado tras el juicio a 8 a\u00f1os de prisi\u00f3n pero solo cumpli\u00f3 6 a\u00f1os.<\/p>\n<figure id=\"attachment_1277\" aria-describedby=\"caption-attachment-1277\" style=\"width: 926px\" class=\"wp-caption aligncenter\"><img loading=\"lazy\" decoding=\"async\" class=\"wp-image-1277 size-full\" src=\"https:\/\/muycritico.com.ar\/web\/wp-content\/uploads\/2024\/03\/OMAR-BARRIENTOS.jpg\" alt=\"\" width=\"926\" height=\"586\" srcset=\"https:\/\/muycritico.com.ar\/web\/wp-content\/uploads\/2024\/03\/OMAR-BARRIENTOS.jpg 926w, https:\/\/muycritico.com.ar\/web\/wp-content\/uploads\/2024\/03\/OMAR-BARRIENTOS-768x486.jpg 768w\" sizes=\"auto, (max-width: 926px) 100vw, 926px\" \/><figcaption id=\"caption-attachment-1277\" class=\"wp-caption-text\">El Fiat Uno del borracho asesino Omar Barrientos en 2015<\/figcaption><\/figure>\n<p>Es importante destacar que en el caso de Barrientos no hubo la cantidad de lesionados de gravedad como en el provocado por L\u00f3pez y Mamani en Avenida Paraguay; y coincidentemente hubo una v\u00edctima m\u00e1s que falleci\u00f3 pasada una semana producto de las grav\u00edsimas lesiones sufridas.<\/p>\n<p>Es probable que L\u00f3pez reciba m\u00e1s a\u00f1os de pena de cumplimiento efectivo que Barrientos, ya que el alcance de sus actos en la madrugada del domingo 17 de marzo fueron m\u00e1s graves en cuanto a la cantidad de personas que atropell\u00f3 y al estado de salud calamitoso en el que quedaron los heridos.<\/p>\n<p>Lamentablemente de aquella tr\u00e1gica jornada de enero de 2015 donde la familia Jurado perdi\u00f3 a tres miembros, hasta lo sucedido en Avenida Paraguay la situaci\u00f3n no ha mejorado en lo absoluto en cuanto siniestros viales de esta envergadura, por el contrario, han empeorado en su magnitud en cuanto a las consecuencias.<\/p>\n","protected":false},"excerpt":{"rendered":"<p>La joven falleci\u00f3 en la madrugada de hoy tras sufrir un paro cardiorrespiratorio, seg\u00fan informaron fuentes extraoficiales, despu\u00e9s de una semana de intensa lucha por su vida. A pesar de los esfuerzos del personal m\u00e9dico y de los tratamientos a los que fue sometida, lamentablemente no se pudo revertir su estado cr\u00edtico. La tragedia iguala [&hellip;]<\/p>\n","protected":false},"author":2,"featured_media":1280,"comment_status":"open","ping_status":"closed","sticky":false,"template":"","format":"standard","meta":{"footnotes":""},"categories":[6],"tags":[228,227,229,872],"class_list":["post-1276","post","type-post","status-publish","format-standard","has-post-thumbnail","hentry","category-notas","tag-gabriel-gonzalez","tag-luciano-lopez-y-axel-mamani","tag-omar-barrientos","tag-victor-sacca"],"_links":{"self":[{"href":"https:\/\/muycritico.com.ar\/web\/index.php?rest_route=\/wp\/v2\/posts\/1276","targetHints":{"allow":["GET"]}}],"collection":[{"href":"https:\/\/muycritico.com.ar\/web\/index.php?rest_route=\/wp\/v2\/posts"}],"about":[{"href":"https:\/\/muycritico.com.ar\/web\/index.php?rest_route=\/wp\/v2\/types\/post"}],"author":[{"embeddable":true,"href":"https:\/\/muycritico.com.ar\/web\/index.php?rest_route=\/wp\/v2\/users\/2"}],"replies":[{"embeddable":true,"href":"https:\/\/muycritico.com.ar\/web\/index.php?rest_route=%2Fwp%2Fv2%2Fcomments&post=1276"}],"version-history":[{"count":3,"href":"https:\/\/muycritico.com.ar\/web\/index.php?rest_route=\/wp\/v2\/posts\/1276\/revisions"}],"predecessor-version":[{"id":1286,"href":"https:\/\/muycritico.com.ar\/web\/index.php?rest_route=\/wp\/v2\/posts\/1276\/revisions\/1286"}],"wp:featuredmedia":[{"embeddable":true,"href":"https:\/\/muycritico.com.ar\/web\/index.php?rest_route=\/wp\/v2\/media\/1280"}],"wp:attachment":[{"href":"https:\/\/muycritico.com.ar\/web\/index.php?rest_route=%2Fwp%2Fv2%2Fmedia&parent=1276"}],"wp:term":[{"taxonomy":"category","embeddable":true,"href":"https:\/\/muycritico.com.ar\/web\/index.php?rest_route=%2Fwp%2Fv2%2Fcategories&post=1276"},{"taxonomy":"post_tag","embeddable":true,"href":"https:\/\/muycritico.com.ar\/web\/index.php?rest_route=%2Fwp%2Fv2%2Ftags&post=1276"}],"curies":[{"name":"wp","href":"https:\/\/api.w.org\/{rel}","templated":true}]}}