{"id":12757,"date":"2026-01-29T20:39:33","date_gmt":"2026-01-29T23:39:33","guid":{"rendered":"https:\/\/muycritico.com.ar\/web\/?p=12757"},"modified":"2026-01-29T20:39:33","modified_gmt":"2026-01-29T23:39:33","slug":"mangione-denuncio-a-medicos-que-ponian-el-dedo-y-se-iban-a-jugar-al-padel-o-a-nadar","status":"publish","type":"post","link":"https:\/\/muycritico.com.ar\/web\/?p=12757","title":{"rendered":"MANGIONE DENUNCI\u00d3 A M\u00c9DICOS QUE \u201cPON\u00cdAN EL DEDO Y SE IBAN A JUGAR AL P\u00c1DEL, O A NADAR\u201d"},"content":{"rendered":"<p><strong>El ministro de Salud, Federico Mangione, denunci\u00f3 graves irregularidades por parte del personal m\u00e9dico en la administraci\u00f3n p\u00fablica. Seg\u00fan detall\u00f3 algunos profesionales registraban su presencia y luego se iban a realizar actividades personales como jugar al p\u00e1del o nadar.<\/strong><\/p>\n<p><!--more--><\/p>\n<p>En di\u00e1logo con Aries, el ministro Mangione afirm\u00f3 que se descubrieron casos de profesionales que registraban asistencia y luego se retiraban de su lugar de trabajo para realizar actividades personales. \u201cDescubrimos gente en hospitales que pon\u00edan el dedo y se iban a jugar al p\u00e1del, o\u00a0 a nadar\u201d, sostuvo.<\/p>\n<p>Uno de los casos m\u00e1s resonantes ocurri\u00f3 en el hospital de General G\u00fcemes, aunque el ministro asegur\u00f3 que la situaci\u00f3n no se limita a un solo establecimiento. \u201cEstamos cayendo de manera sorpresiva en todos los hospitales y centros de salud. Nadie sabe d\u00f3nde voy a estar ni a qu\u00e9 hora\u201d, explic\u00f3.<\/p>\n<p>Mangione precis\u00f3 que ya se iniciaron sumarios administrativos y que al menos cuatro o cinco profesionales fueron desvinculados, tras comprobarse faltas graves como el abandono del puesto laboral o el cobro de horas que no se cumpl\u00edan. \u201cPrimero se pide el descargo, pero cuando se comprueba la falta, se aplican sanciones. Ya hemos echado m\u00e9dicos\u201d, afirm\u00f3.<\/p>\n<p>El ministro aclar\u00f3 que estas irregularidades representan un porcentaje menor del personal, pero remarc\u00f3 que no ser\u00e1n toleradas. \u201cEl 95% del sistema funciona gracias al enorme esfuerzo de los trabajadores de la salud, pero no voy a permitir que unos pocos perjudiquen a los pacientes\u201d, se\u00f1al\u00f3.<\/p>\n","protected":false},"excerpt":{"rendered":"<p>El ministro de Salud, Federico Mangione, denunci\u00f3 graves irregularidades por parte del personal m\u00e9dico en la administraci\u00f3n p\u00fablica. Seg\u00fan detall\u00f3 algunos profesionales registraban su presencia y luego se iban a realizar actividades personales como jugar al p\u00e1del o nadar.<\/p>\n","protected":false},"author":2,"featured_media":12758,"comment_status":"open","ping_status":"closed","sticky":false,"template":"","format":"standard","meta":{"footnotes":""},"categories":[6],"tags":[],"class_list":["post-12757","post","type-post","status-publish","format-standard","has-post-thumbnail","hentry","category-notas"],"_links":{"self":[{"href":"https:\/\/muycritico.com.ar\/web\/index.php?rest_route=\/wp\/v2\/posts\/12757","targetHints":{"allow":["GET"]}}],"collection":[{"href":"https:\/\/muycritico.com.ar\/web\/index.php?rest_route=\/wp\/v2\/posts"}],"about":[{"href":"https:\/\/muycritico.com.ar\/web\/index.php?rest_route=\/wp\/v2\/types\/post"}],"author":[{"embeddable":true,"href":"https:\/\/muycritico.com.ar\/web\/index.php?rest_route=\/wp\/v2\/users\/2"}],"replies":[{"embeddable":true,"href":"https:\/\/muycritico.com.ar\/web\/index.php?rest_route=%2Fwp%2Fv2%2Fcomments&post=12757"}],"version-history":[{"count":1,"href":"https:\/\/muycritico.com.ar\/web\/index.php?rest_route=\/wp\/v2\/posts\/12757\/revisions"}],"predecessor-version":[{"id":12759,"href":"https:\/\/muycritico.com.ar\/web\/index.php?rest_route=\/wp\/v2\/posts\/12757\/revisions\/12759"}],"wp:featuredmedia":[{"embeddable":true,"href":"https:\/\/muycritico.com.ar\/web\/index.php?rest_route=\/wp\/v2\/media\/12758"}],"wp:attachment":[{"href":"https:\/\/muycritico.com.ar\/web\/index.php?rest_route=%2Fwp%2Fv2%2Fmedia&parent=12757"}],"wp:term":[{"taxonomy":"category","embeddable":true,"href":"https:\/\/muycritico.com.ar\/web\/index.php?rest_route=%2Fwp%2Fv2%2Fcategories&post=12757"},{"taxonomy":"post_tag","embeddable":true,"href":"https:\/\/muycritico.com.ar\/web\/index.php?rest_route=%2Fwp%2Fv2%2Ftags&post=12757"}],"curies":[{"name":"wp","href":"https:\/\/api.w.org\/{rel}","templated":true}]}}