{"id":12754,"date":"2026-01-29T20:15:49","date_gmt":"2026-01-29T23:15:49","guid":{"rendered":"https:\/\/muycritico.com.ar\/web\/?p=12754"},"modified":"2026-01-29T20:15:49","modified_gmt":"2026-01-29T23:15:49","slug":"el-galpon-despide-con-gran-congoja-al-sacerdote-victor-jesus-rios","status":"publish","type":"post","link":"https:\/\/muycritico.com.ar\/web\/?p=12754","title":{"rendered":"EL GALPON DESPIDE CON GRAN CONGOJA AL SACERDOTE VICTOR JES\u00daS R\u00cdOS\u00a0"},"content":{"rendered":"<p><strong>La Municipalidad de El Galp\u00f3n expresa su pesar por el fallecimiento del padre V\u00edctor Jes\u00fas R\u00edos, \u201cprimer y \u00fanico sacerdote nacido en nuestro pueblo\u201d, expresaron.<\/strong><\/p>\n<p><!--more--><\/p>\n<p>Fue un hombre de fe, de presencia constante y de compromiso genuino con su gente. Conocido como el cura gaucho, camin\u00f3 junto al pueblo, acompa\u00f1ando, escuchando y tendiendo la mano sin hacer ruido.<\/p>\n<p>En la ma\u00f1ana de hoy, el intendente <strong>Federico Sacca<\/strong> acompa\u00f1\u00f3 a su familia y seres queridos durante el velorio realizado en la Iglesia La Victoria, acercando el respeto y el abrazo de toda la comunidad galponense. Su paso deja marca. Su memoria, camino.<\/p>\n","protected":false},"excerpt":{"rendered":"<p>La Municipalidad de El Galp\u00f3n expresa su pesar por el fallecimiento del padre V\u00edctor Jes\u00fas R\u00edos, \u201cprimer y \u00fanico sacerdote nacido en nuestro pueblo\u201d, expresaron.<\/p>\n","protected":false},"author":2,"featured_media":12755,"comment_status":"open","ping_status":"closed","sticky":false,"template":"","format":"standard","meta":{"footnotes":""},"categories":[6],"tags":[],"class_list":["post-12754","post","type-post","status-publish","format-standard","has-post-thumbnail","hentry","category-notas"],"_links":{"self":[{"href":"https:\/\/muycritico.com.ar\/web\/index.php?rest_route=\/wp\/v2\/posts\/12754","targetHints":{"allow":["GET"]}}],"collection":[{"href":"https:\/\/muycritico.com.ar\/web\/index.php?rest_route=\/wp\/v2\/posts"}],"about":[{"href":"https:\/\/muycritico.com.ar\/web\/index.php?rest_route=\/wp\/v2\/types\/post"}],"author":[{"embeddable":true,"href":"https:\/\/muycritico.com.ar\/web\/index.php?rest_route=\/wp\/v2\/users\/2"}],"replies":[{"embeddable":true,"href":"https:\/\/muycritico.com.ar\/web\/index.php?rest_route=%2Fwp%2Fv2%2Fcomments&post=12754"}],"version-history":[{"count":1,"href":"https:\/\/muycritico.com.ar\/web\/index.php?rest_route=\/wp\/v2\/posts\/12754\/revisions"}],"predecessor-version":[{"id":12756,"href":"https:\/\/muycritico.com.ar\/web\/index.php?rest_route=\/wp\/v2\/posts\/12754\/revisions\/12756"}],"wp:featuredmedia":[{"embeddable":true,"href":"https:\/\/muycritico.com.ar\/web\/index.php?rest_route=\/wp\/v2\/media\/12755"}],"wp:attachment":[{"href":"https:\/\/muycritico.com.ar\/web\/index.php?rest_route=%2Fwp%2Fv2%2Fmedia&parent=12754"}],"wp:term":[{"taxonomy":"category","embeddable":true,"href":"https:\/\/muycritico.com.ar\/web\/index.php?rest_route=%2Fwp%2Fv2%2Fcategories&post=12754"},{"taxonomy":"post_tag","embeddable":true,"href":"https:\/\/muycritico.com.ar\/web\/index.php?rest_route=%2Fwp%2Fv2%2Ftags&post=12754"}],"curies":[{"name":"wp","href":"https:\/\/api.w.org\/{rel}","templated":true}]}}