{"id":12749,"date":"2026-01-29T20:08:40","date_gmt":"2026-01-29T23:08:40","guid":{"rendered":"https:\/\/muycritico.com.ar\/web\/?p=12749"},"modified":"2026-01-29T20:09:27","modified_gmt":"2026-01-29T23:09:27","slug":"corte-total-de-emergencia-en-av-jujuy-por-danos-provocados-por-una-perdida-de-aguas-del-norte","status":"publish","type":"post","link":"https:\/\/muycritico.com.ar\/web\/?p=12749","title":{"rendered":"CORTE TOTAL DE EMERGENCIA EN AV. JUJUY POR DA\u00d1OS PROVOCADOS POR UNA P\u00c9RDIDA DE AGUAS DEL NORTE"},"content":{"rendered":"<p><strong>El tr\u00e1nsito se encuentra restringido entre Tucum\u00e1n y Corrientes. Esta medida se debe a reparaciones urgentes y necesarias para garantizar la transitabilidad y seguridad vial. Se solicita circular con precauci\u00f3n.<\/strong><\/p>\n<p><!--more--><\/p>\n<p>El municipio informa que a partir de hoy habr\u00e1 un corte de tr\u00e1nsito en la avenida Jujuy, entre Tucum\u00e1n y Corrientes por arreglos de emergencia.<\/p>\n<p>Las tareas se iniciaron tras detectarse hundimientos en las placas de hormig\u00f3n, que representaban un riesgo para la normal circulaci\u00f3n vehicular. Ante esta situaci\u00f3n, fue necesario demoler las losas afectadas para evaluar el estado del subsuelo.<\/p>\n<p>Durante el desarrollo de los trabajos, se constat\u00f3 que el origen del problema fue una importante p\u00e9rdida en un ca\u00f1o perteneciente a Aguas del Norte, la cual provoc\u00f3 el socavamiento del terreno y el vaciamiento de la losa de hormig\u00f3n, generando un riesgo estructural grave para quienes transitan por esta arteria de alto flujo vehicular.<\/p>\n<p><img loading=\"lazy\" decoding=\"async\" class=\"aligncenter size-full wp-image-12752\" src=\"https:\/\/muycritico.com.ar\/web\/wp-content\/uploads\/2026\/01\/CORTE-JUJUY2.jpg\" alt=\"\" width=\"720\" height=\"400\" \/><\/p>\n<p>Como consecuencia, las tareas se realizar\u00e1n con corte total de calzada durante aproximadamente dos d\u00edas, siempre que las condiciones clim\u00e1ticas lo permitan. Luego, los trabajos continuar\u00e1n a media calzada, interviniendo primero una mano y posteriormente la otra.<\/p>\n<p>Desde el municipio se prioriza la seguridad de los conductores y peatones, motivo por el cual se solicita circular con precauci\u00f3n y respetar los desv\u00edos establecidos mientras se desarrollan las obras.<\/p>\n","protected":false},"excerpt":{"rendered":"<p>El tr\u00e1nsito se encuentra restringido entre Tucum\u00e1n y Corrientes. Esta medida se debe a reparaciones urgentes y necesarias para garantizar la transitabilidad y seguridad vial. Se solicita circular con precauci\u00f3n.<\/p>\n","protected":false},"author":2,"featured_media":12750,"comment_status":"open","ping_status":"closed","sticky":false,"template":"","format":"standard","meta":{"footnotes":""},"categories":[6],"tags":[],"class_list":["post-12749","post","type-post","status-publish","format-standard","has-post-thumbnail","hentry","category-notas"],"_links":{"self":[{"href":"https:\/\/muycritico.com.ar\/web\/index.php?rest_route=\/wp\/v2\/posts\/12749","targetHints":{"allow":["GET"]}}],"collection":[{"href":"https:\/\/muycritico.com.ar\/web\/index.php?rest_route=\/wp\/v2\/posts"}],"about":[{"href":"https:\/\/muycritico.com.ar\/web\/index.php?rest_route=\/wp\/v2\/types\/post"}],"author":[{"embeddable":true,"href":"https:\/\/muycritico.com.ar\/web\/index.php?rest_route=\/wp\/v2\/users\/2"}],"replies":[{"embeddable":true,"href":"https:\/\/muycritico.com.ar\/web\/index.php?rest_route=%2Fwp%2Fv2%2Fcomments&post=12749"}],"version-history":[{"count":2,"href":"https:\/\/muycritico.com.ar\/web\/index.php?rest_route=\/wp\/v2\/posts\/12749\/revisions"}],"predecessor-version":[{"id":12753,"href":"https:\/\/muycritico.com.ar\/web\/index.php?rest_route=\/wp\/v2\/posts\/12749\/revisions\/12753"}],"wp:featuredmedia":[{"embeddable":true,"href":"https:\/\/muycritico.com.ar\/web\/index.php?rest_route=\/wp\/v2\/media\/12750"}],"wp:attachment":[{"href":"https:\/\/muycritico.com.ar\/web\/index.php?rest_route=%2Fwp%2Fv2%2Fmedia&parent=12749"}],"wp:term":[{"taxonomy":"category","embeddable":true,"href":"https:\/\/muycritico.com.ar\/web\/index.php?rest_route=%2Fwp%2Fv2%2Fcategories&post=12749"},{"taxonomy":"post_tag","embeddable":true,"href":"https:\/\/muycritico.com.ar\/web\/index.php?rest_route=%2Fwp%2Fv2%2Ftags&post=12749"}],"curies":[{"name":"wp","href":"https:\/\/api.w.org\/{rel}","templated":true}]}}