{"id":12745,"date":"2026-01-29T19:57:54","date_gmt":"2026-01-29T22:57:54","guid":{"rendered":"https:\/\/muycritico.com.ar\/web\/?p=12745"},"modified":"2026-01-29T19:57:54","modified_gmt":"2026-01-29T22:57:54","slug":"el-peor-final-encontraron-muerta-a-narela-barreto-la-joven-argentina-desaparecida-en-los-angeles","status":"publish","type":"post","link":"https:\/\/muycritico.com.ar\/web\/?p=12745","title":{"rendered":"EL PEOR FINAL: ENCONTRARON MUERTA A NARELA BARRETO, LA JOVEN ARGENTINA DESAPARECIDA EN LOS \u00c1NGELES"},"content":{"rendered":"<p><strong>Se lo confirm\u00f3 el pap\u00e1 de la joven a su familia, seg\u00fan confiaron a Clar\u00edn. La joven de 27 a\u00f1os estaba desaparecida desde el 23 de enero pasado. Todav\u00eda no se sabe en qu\u00e9 circunstancias y c\u00f3mo la hallaron. Este viernes est\u00e1 prevista la autopsia.<\/strong><\/p>\n<p><!--more--><\/p>\n<p>Narela Barreto, la joven argentina de 27 a\u00f1os que estaba desaparecida desde el 23 de enero pasado en Los \u00c1ngeles, Estados Unidos, fue encontrada muerta, seg\u00fan le confirm\u00f3 el pap\u00e1 a sus familiares, indicaron las fuentes consultadas por Clar\u00edn.<\/p>\n<p>Viv\u00eda en Estados Unidos desde julio de 2024 y &#8220;lo \u00faltimo que se supo es que se habr\u00eda tomado un taxi y estaba acompa\u00f1ada de una mujer de origen ruso&#8221;, de acuerdo a lo que cont\u00f3 su prima Violeta este mi\u00e9rcoles.<\/p>\n<p>Marcelo M\u00e1rquez Barreto, padre de Narela, viaj\u00f3 d\u00edas atr\u00e1s a Estados Unidos con dos promesas: &#8220;la voy a encontrar y la voy a traer a casa&#8221;. Lleg\u00f3 el mi\u00e9rcoles a Los Angeles y en las primeras horas del jueves le envi\u00f3 un mensaje a su esposa, que se qued\u00f3 en Argentina. &#8220;Gorda, la encontr\u00e9, est\u00e1 muerta&#8221;, mensaje que confirm\u00f3 su ahijada Kiara.<\/p>\n<p>Todav\u00eda no se precis\u00f3 en qu\u00e9 circunstancias ni c\u00f3mo muri\u00f3 la joven, que primero vivi\u00f3 en Miami y luego se traslad\u00f3 a Los \u00c1ngeles, donde -seg\u00fan su familia- trabajaba como camarera.<\/p>\n<p>Tanto Violeta, su prima, como Luj\u00e1n Roswell, su amiga de Los \u00c1ngeles, hablaron de &#8220;un v\u00ednculo con un chico colombiano que iba y ven\u00eda&#8221;. La amiga remarc\u00f3: &#8220;Hay un sospechoso&#8221;, le dijo a este medio. &#8220;No puedo hablar m\u00e1s, se est\u00e1 investigando&#8221;.<\/p>\n<p><img loading=\"lazy\" decoding=\"async\" class=\"aligncenter size-full wp-image-12747\" src=\"https:\/\/muycritico.com.ar\/web\/wp-content\/uploads\/2026\/01\/NARELA-BARRETO2.jpg\" alt=\"\" width=\"1256\" height=\"620\" srcset=\"https:\/\/muycritico.com.ar\/web\/wp-content\/uploads\/2026\/01\/NARELA-BARRETO2.jpg 1256w, https:\/\/muycritico.com.ar\/web\/wp-content\/uploads\/2026\/01\/NARELA-BARRETO2-768x379.jpg 768w, https:\/\/muycritico.com.ar\/web\/wp-content\/uploads\/2026\/01\/NARELA-BARRETO2-324x160.jpg 324w, https:\/\/muycritico.com.ar\/web\/wp-content\/uploads\/2026\/01\/NARELA-BARRETO2-648x320.jpg 648w\" sizes=\"auto, (max-width: 1256px) 100vw, 1256px\" \/><\/p>\n<p>Janet, otra amiga de Violeta, habl\u00f3 este jueves con Clar\u00edn y entre l\u00e1grimas, se\u00f1al\u00f3: &#8220;No podemos hablar mucho, porque tanto la polic\u00eda como un detective privado est\u00e1n investigando qu\u00e9 pudo haberle pasado a mi amigo. Yo a Narela la conozco desde hace m\u00e1s de ocho a\u00f1os y vino aqu\u00ed a progresar. Yo sab\u00eda todo de ella, era lo m\u00e1s bueno que hab\u00eda, incapaz de hacer da\u00f1o&#8230; No puedo creer que ahora est\u00e9 muerta&#8221;.<\/p>\n<p>Janet coment\u00f3 que como no hab\u00eda llegado ning\u00fan familiar, fue ella la primera que reconoci\u00f3 el cuerpo de su Narela. No se\u00f1al\u00f3 nada al respecto. De todas maneras, desliz\u00f3 que sus sospechas -no las de la polic\u00eda-, apuntan a un joven colombiano con quien la argentina de Banfield ven\u00eda manteniendo desde hace tiempo &#8220;una relaci\u00f3n inestable&#8221;. Y le confirm\u00f3 a este diario que le brind\u00f3 a las autoridades norteamericanas los datos de la ex pareja.<\/p>\n<p>Violeta ampli\u00f3: &#8220;Narela era discreta pero algo coment\u00f3 y me dec\u00eda que peleaban seguido, que andaban distanciados. Dicen que es el sospechoso, pero no s\u00e9. Nare es muy enamoradiza y se me hace que ese hombre mucho no la quiere&#8230; No le gusta que ella sea libre, porque a Nare le gusta estar con sus amigas, estar cerca de su familia, estaba siempre arregladita&#8230; Hasta donde yo s\u00e9, la Polic\u00eda de Los \u00c1ngeles ya tiene los datos del colombiano&#8221;.<\/p>\n<p>La prima hablaba constantemente con ella. &#8220;Ella desapareci\u00f3 el viernes pasado, bueno, el jueves nos cruzamos mensajes, se la escuchaba bien, de hecho me reclamaba un poco porque no le hab\u00eda respondido su \u00faltimo mensaje, pero todo bien. Adem\u00e1s, Nare es una chica muy familiera y tenemos un chat grupal en el que ella siempre dice presente. Nunca pasaba un d\u00eda sin escribir algo o mandar alguna imagen&#8230;&#8221;.<\/p>\n<p>&#8220;Siempre estuvo en regla, tiene todos los papeles en orden y una visa de trabajo. Si bien es joven, no se mete en problemas ni se rodea de gente equivocada. Lo suyo siempre fue el laburo. Es una chica como se la ve en las fotos, hermosa, t\u00edmida, humilde y criada en un barrio, bien de abajo&#8221;, cerr\u00f3, antes de conocerse su lamentable final.<\/p>\n<p>En las \u00faltimas horas se conoci\u00f3 un audio con la voz de Narela. Se trataba de un mensaje a Andrea Rinc\u00f3n, la actriz que hab\u00eda confesado que se aferr\u00f3 a la Biblia y a la Iglesia \u00c9pica, en Villa Celina, para alejarse de su adicci\u00f3n a las drogas.<\/p>\n<p>&#8220;Por vos empec\u00e9 a acercarme a la iglesia, a creer m\u00e1s en Dios&#8221;, dec\u00eda la voz de Narela. &#8220;Hoy, a la distancia, desde Estados Unidos, me sirvi\u00f3 much\u00edsimo conocer a Dios, m\u00e1s despu\u00e9s de la p\u00e9rdida de mi hermana (Sheila, que falleci\u00f3 por una enfermedad), a la que no pude despedir por estar tan lejos&#8221;.<\/p>\n<p>Marcelo M\u00e1rquez Barreto, el pap\u00e1 de Narela, se encontraba en estos momentos (pasado el mediod\u00eda de Los Angeles) con autoridades policiales norteamericanas y las del consulado argentino para definir los pasos a seguir. La autopsia del cuerpo de Narela est\u00e1 prevista que se realice este viernes. La bonaerense iba a cumplir 28 a\u00f1os el 18 de febrero.<\/p>\n<p>EMJ \/ MG<\/p>\n","protected":false},"excerpt":{"rendered":"<p>Se lo confirm\u00f3 el pap\u00e1 de la joven a su familia, seg\u00fan confiaron a Clar\u00edn. La joven de 27 a\u00f1os estaba desaparecida desde el 23 de enero pasado. Todav\u00eda no se sabe en qu\u00e9 circunstancias y c\u00f3mo la hallaron. Este viernes est\u00e1 prevista la autopsia.<\/p>\n","protected":false},"author":2,"featured_media":12746,"comment_status":"open","ping_status":"closed","sticky":false,"template":"","format":"standard","meta":{"footnotes":""},"categories":[6],"tags":[1344],"class_list":["post-12745","post","type-post","status-publish","format-standard","has-post-thumbnail","hentry","category-notas","tag-narela-barreto"],"_links":{"self":[{"href":"https:\/\/muycritico.com.ar\/web\/index.php?rest_route=\/wp\/v2\/posts\/12745","targetHints":{"allow":["GET"]}}],"collection":[{"href":"https:\/\/muycritico.com.ar\/web\/index.php?rest_route=\/wp\/v2\/posts"}],"about":[{"href":"https:\/\/muycritico.com.ar\/web\/index.php?rest_route=\/wp\/v2\/types\/post"}],"author":[{"embeddable":true,"href":"https:\/\/muycritico.com.ar\/web\/index.php?rest_route=\/wp\/v2\/users\/2"}],"replies":[{"embeddable":true,"href":"https:\/\/muycritico.com.ar\/web\/index.php?rest_route=%2Fwp%2Fv2%2Fcomments&post=12745"}],"version-history":[{"count":1,"href":"https:\/\/muycritico.com.ar\/web\/index.php?rest_route=\/wp\/v2\/posts\/12745\/revisions"}],"predecessor-version":[{"id":12748,"href":"https:\/\/muycritico.com.ar\/web\/index.php?rest_route=\/wp\/v2\/posts\/12745\/revisions\/12748"}],"wp:featuredmedia":[{"embeddable":true,"href":"https:\/\/muycritico.com.ar\/web\/index.php?rest_route=\/wp\/v2\/media\/12746"}],"wp:attachment":[{"href":"https:\/\/muycritico.com.ar\/web\/index.php?rest_route=%2Fwp%2Fv2%2Fmedia&parent=12745"}],"wp:term":[{"taxonomy":"category","embeddable":true,"href":"https:\/\/muycritico.com.ar\/web\/index.php?rest_route=%2Fwp%2Fv2%2Fcategories&post=12745"},{"taxonomy":"post_tag","embeddable":true,"href":"https:\/\/muycritico.com.ar\/web\/index.php?rest_route=%2Fwp%2Fv2%2Ftags&post=12745"}],"curies":[{"name":"wp","href":"https:\/\/api.w.org\/{rel}","templated":true}]}}