{"id":12742,"date":"2026-01-29T18:56:26","date_gmt":"2026-01-29T21:56:26","guid":{"rendered":"https:\/\/muycritico.com.ar\/web\/?p=12742"},"modified":"2026-01-29T18:56:26","modified_gmt":"2026-01-29T21:56:26","slug":"saenz-exigio-a-nacion-sanciones-y-mayores-controles-a-transnoa-por-los-cortes-de-luz-en-el-norte","status":"publish","type":"post","link":"https:\/\/muycritico.com.ar\/web\/?p=12742","title":{"rendered":"S\u00c1ENZ EXIGI\u00d3 A NACI\u00d3N SANCIONES Y MAYORES CONTROLES A TRANSNOA POR LOS CORTES DE LUZ EN EL NORTE"},"content":{"rendered":"<p><strong>El Gobernador se reuni\u00f3 con el Secretario de Coordinaci\u00f3n de Energ\u00eda y Miner\u00eda de la Naci\u00f3n, para plantear \u201cnegligencia severa\u201d de la transportista tras cortes que afectaron a unos 600 mil vecinos de Salta y Jujuy. Reclam\u00f3 que el ENRE audite las inversiones de la empresa y garantice bases operativas eficientes.<\/strong><\/p>\n<p><!--more--><\/p>\n<p>El gobernador Gustavo S\u00e1enz mantuvo una reuni\u00f3n de trabajo con el secretario de Coordinaci\u00f3n de Energ\u00eda y Miner\u00eda de la Naci\u00f3n, Daniel Gonz\u00e1lez. Plante\u00f3 la necesidad urgente de que el Ente Nacional Regulador de la Electricidad (ENRE), realice controles estrictos y establezca sanciones a la empresa Transnoa, responsable del transporte de energ\u00eda el\u00e9ctrica en alta tensi\u00f3n en el NOA.<\/p>\n<p>As\u00ed, el mandatario, acompa\u00f1ado por la senadora nacional Flavia Roy\u00f3n, le dej\u00f3 al Secretario de Coordinaci\u00f3n de Energ\u00eda y Miner\u00eda la denuncia administrativa ante el Ente Nacional Regulador de la Electricidad (ENRE) por parte del Ente Regulador de los Servicios P\u00fablicos de Salta junto a la Secretar\u00eda de Energ\u00eda de Jujuy.<\/p>\n<p>Ambas provincias, de manera conjunta, argumentaron sobre la responsabilidad de la transportadora en dejar sin suministro a m\u00e1s de 600 mil hogares, los pasados jueves y viernes por m\u00e1s de siete horas acumuladas.<\/p>\n<p>Se indic\u00f3 que estos cortes se originaron en las l\u00edneas de alta tensi\u00f3n que debe controlar Naci\u00f3n ya que Salta no tiene injerencia en el particular.<\/p>\n<p>Transnoa, como empresa a cargo del transporte de energ\u00eda a todo el norte, ha demostrado falta de inversiones y una base operativa insuficiente para responder ante emergencias, seg\u00fan se indica en la denuncia.<\/p>\n<p>El reclamo se fundament\u00f3 en la demora t\u00e9cnica de la empresa frente a la contingencia clim\u00e1tica. La crecida del r\u00edo San Francisco interrumpi\u00f3 la l\u00ednea de alta tensi\u00f3n por ruta 5, saturando la v\u00eda alternativa desde Ledesma hacia Pichanal.<\/p>\n<p>Ante este evento, Transnoa demor\u00f3 tres horas solo en enviar personal t\u00e9cnico al lugar, evidenciando una &#8220;indisponibilidad log\u00edstica&#8221; inaceptable para una empresa que percibe un porcentaje de la facturaci\u00f3n total del sistema.<\/p>\n<p>Por estos motivos, se calific\u00f3 la gesti\u00f3n como &#8220;negligente&#8221;, por lo que queda en la \u00f3rbita del ENRE actuaciones con mayor rigor para que Transnoa mantenga sus plantas activas y responda con la celeridad que prev\u00e9 la ley.<\/p>\n","protected":false},"excerpt":{"rendered":"<p>El Gobernador se reuni\u00f3 con el Secretario de Coordinaci\u00f3n de Energ\u00eda y Miner\u00eda de la Naci\u00f3n, para plantear \u201cnegligencia severa\u201d de la transportista tras cortes que afectaron a unos 600 mil vecinos de Salta y Jujuy. Reclam\u00f3 que el ENRE audite las inversiones de la empresa y garantice bases operativas eficientes.<\/p>\n","protected":false},"author":2,"featured_media":12743,"comment_status":"open","ping_status":"closed","sticky":false,"template":"","format":"standard","meta":{"footnotes":""},"categories":[6],"tags":[],"class_list":["post-12742","post","type-post","status-publish","format-standard","has-post-thumbnail","hentry","category-notas"],"_links":{"self":[{"href":"https:\/\/muycritico.com.ar\/web\/index.php?rest_route=\/wp\/v2\/posts\/12742","targetHints":{"allow":["GET"]}}],"collection":[{"href":"https:\/\/muycritico.com.ar\/web\/index.php?rest_route=\/wp\/v2\/posts"}],"about":[{"href":"https:\/\/muycritico.com.ar\/web\/index.php?rest_route=\/wp\/v2\/types\/post"}],"author":[{"embeddable":true,"href":"https:\/\/muycritico.com.ar\/web\/index.php?rest_route=\/wp\/v2\/users\/2"}],"replies":[{"embeddable":true,"href":"https:\/\/muycritico.com.ar\/web\/index.php?rest_route=%2Fwp%2Fv2%2Fcomments&post=12742"}],"version-history":[{"count":1,"href":"https:\/\/muycritico.com.ar\/web\/index.php?rest_route=\/wp\/v2\/posts\/12742\/revisions"}],"predecessor-version":[{"id":12744,"href":"https:\/\/muycritico.com.ar\/web\/index.php?rest_route=\/wp\/v2\/posts\/12742\/revisions\/12744"}],"wp:featuredmedia":[{"embeddable":true,"href":"https:\/\/muycritico.com.ar\/web\/index.php?rest_route=\/wp\/v2\/media\/12743"}],"wp:attachment":[{"href":"https:\/\/muycritico.com.ar\/web\/index.php?rest_route=%2Fwp%2Fv2%2Fmedia&parent=12742"}],"wp:term":[{"taxonomy":"category","embeddable":true,"href":"https:\/\/muycritico.com.ar\/web\/index.php?rest_route=%2Fwp%2Fv2%2Fcategories&post=12742"},{"taxonomy":"post_tag","embeddable":true,"href":"https:\/\/muycritico.com.ar\/web\/index.php?rest_route=%2Fwp%2Fv2%2Ftags&post=12742"}],"curies":[{"name":"wp","href":"https:\/\/api.w.org\/{rel}","templated":true}]}}