{"id":12739,"date":"2026-01-29T13:28:49","date_gmt":"2026-01-29T16:28:49","guid":{"rendered":"https:\/\/muycritico.com.ar\/web\/?p=12739"},"modified":"2026-01-29T13:28:49","modified_gmt":"2026-01-29T16:28:49","slug":"otro-muerto-en-la-alcaidia","status":"publish","type":"post","link":"https:\/\/muycritico.com.ar\/web\/?p=12739","title":{"rendered":"OTRO MUERTO EN LA ALCAID\u00cdA"},"content":{"rendered":"<p><strong>El hecho ocurri\u00f3 el pasado martes 27 de enero, en la celda 7 del pabell\u00f3n B. La v\u00edctima fue identificada como Luis Gabriel Delgado. Seg\u00fan trascendi\u00f3 habr\u00eda sufrido una grave descompensaci\u00f3n mientras se desarrollaban las actividades habituales dentro del establecimiento penitenciario.<\/strong><\/p>\n<p><!--more--><\/p>\n<p>El episodio ocurri\u00f3 en el pabell\u00f3n B, celda N\u00ba 7, cuando el detenido present\u00f3 un cuadro repentino de p\u00e9rdida de conocimiento seguido de un paro cardiorrespiratorio, lo que gener\u00f3 la inmediata intervenci\u00f3n del personal penitenciario.<\/p>\n<p>Con posterioridad se activaron los protocolos de emergencia y se dio aviso al \u00e1rea de sanidad del penal, que brind\u00f3 las primeras maniobras de asistencia mientras se solicitaba una ambulancia.<\/p>\n<p>El interno fue trasladado de urgencia en c\u00f3digo rojo hacia el hospital San Bernardo. Durante el traslado y posteriormente en el nosocomio se le practicaron tareas de reanimaci\u00f3n, aunque lamentablemente se confirm\u00f3 su fallecimiento.<\/p>\n<p>En las \u00faltimas horas se conoci\u00f3 la identidad de la v\u00edctima. Se trata de Luis Gabriel Delgado, quien permanec\u00eda detenido en la Alcaid\u00eda General de la ciudad de Salta. Hasta el momento, no trascendieron detalles oficiales sobre posibles patolog\u00edas previas que pudiera presentar el interno, ni sobre otros antecedentes de salud que expliquen el episodio.<\/p>\n<p>El hecho fue puesto en conocimiento de las autoridades judiciales, que ya tomaron intervenci\u00f3n para llevar adelante las actuaciones correspondientes y determinar las circunstancias en las que se produjo la muerte.<\/p>\n<p>Cabe recordar que el 15 de setiembre de 2025, nada m\u00e1s ni nada menos que <strong>Javier Saavedra<\/strong> se cort\u00f3 las venas en el ba\u00f1o de esa alcaid\u00eda en horas de la tarde, causando su deceso un perjuicio enorme al sistema de justicia, ya que no pudo ser juzgado. Producto de la irresponsabilidad de esos funcionarios qued\u00f3 expuesta la inoperancia de la <strong>Oficina Judicial.<\/strong><\/p>\n","protected":false},"excerpt":{"rendered":"<p>El hecho ocurri\u00f3 el pasado martes 27 de enero, en la celda 7 del pabell\u00f3n B. La v\u00edctima fue identificada como Luis Gabriel Delgado. Seg\u00fan trascendi\u00f3 habr\u00eda sufrido una grave descompensaci\u00f3n mientras se desarrollaban las actividades habituales dentro del establecimiento penitenciario.<\/p>\n","protected":false},"author":2,"featured_media":12740,"comment_status":"open","ping_status":"closed","sticky":false,"template":"","format":"standard","meta":{"footnotes":""},"categories":[6],"tags":[],"class_list":["post-12739","post","type-post","status-publish","format-standard","has-post-thumbnail","hentry","category-notas"],"_links":{"self":[{"href":"https:\/\/muycritico.com.ar\/web\/index.php?rest_route=\/wp\/v2\/posts\/12739","targetHints":{"allow":["GET"]}}],"collection":[{"href":"https:\/\/muycritico.com.ar\/web\/index.php?rest_route=\/wp\/v2\/posts"}],"about":[{"href":"https:\/\/muycritico.com.ar\/web\/index.php?rest_route=\/wp\/v2\/types\/post"}],"author":[{"embeddable":true,"href":"https:\/\/muycritico.com.ar\/web\/index.php?rest_route=\/wp\/v2\/users\/2"}],"replies":[{"embeddable":true,"href":"https:\/\/muycritico.com.ar\/web\/index.php?rest_route=%2Fwp%2Fv2%2Fcomments&post=12739"}],"version-history":[{"count":1,"href":"https:\/\/muycritico.com.ar\/web\/index.php?rest_route=\/wp\/v2\/posts\/12739\/revisions"}],"predecessor-version":[{"id":12741,"href":"https:\/\/muycritico.com.ar\/web\/index.php?rest_route=\/wp\/v2\/posts\/12739\/revisions\/12741"}],"wp:featuredmedia":[{"embeddable":true,"href":"https:\/\/muycritico.com.ar\/web\/index.php?rest_route=\/wp\/v2\/media\/12740"}],"wp:attachment":[{"href":"https:\/\/muycritico.com.ar\/web\/index.php?rest_route=%2Fwp%2Fv2%2Fmedia&parent=12739"}],"wp:term":[{"taxonomy":"category","embeddable":true,"href":"https:\/\/muycritico.com.ar\/web\/index.php?rest_route=%2Fwp%2Fv2%2Fcategories&post=12739"},{"taxonomy":"post_tag","embeddable":true,"href":"https:\/\/muycritico.com.ar\/web\/index.php?rest_route=%2Fwp%2Fv2%2Ftags&post=12739"}],"curies":[{"name":"wp","href":"https:\/\/api.w.org\/{rel}","templated":true}]}}