{"id":12736,"date":"2026-01-29T12:36:53","date_gmt":"2026-01-29T15:36:53","guid":{"rendered":"https:\/\/muycritico.com.ar\/web\/?p=12736"},"modified":"2026-01-29T12:36:53","modified_gmt":"2026-01-29T15:36:53","slug":"j-v-gonzalez-le-dieron-una-paliza-a-un-detenido-en-la-comisaria-y-murio-en-el-hospital","status":"publish","type":"post","link":"https:\/\/muycritico.com.ar\/web\/?p=12736","title":{"rendered":"J.V. GONZ\u00c1LEZ: LE DIERON UNA PALIZA A UN DETENIDO EN LA COMISARIA Y MURI\u00d3 EN EL HOSPITAL"},"content":{"rendered":"<p><strong>Se encontraba alojado en una dependencia policial y falleci\u00f3 luego de recibir atenci\u00f3n m\u00e9dica en el hospital local, adonde hab\u00eda sido trasladado.<\/strong><\/p>\n<p><!--more--><\/p>\n<p>La fiscal penal 1 de Anta, en feria, Mar\u00eda Celeste Garc\u00eda Pisacic, investiga un hecho ocurrido en la tarde del martes en la ciudad de Joaqu\u00edn V. Gonz\u00e1lez, en el que un hombre de 52 a\u00f1os result\u00f3 gravemente lesionado en el marco de un incidente que habr\u00eda tenido lugar entre internos mientras se encontraba alojado en la Comisar\u00eda Primera de esa localidad.<\/p>\n<p>Como consecuencia de la situaci\u00f3n, el hombre fue trasladado con vida al hospital local, donde recibi\u00f3 asistencia m\u00e9dica y posteriormente falleci\u00f3.<\/p>\n<p>En el marco de la investigaci\u00f3n, la Fiscal dispuso la documentaci\u00f3n de la escena por parte de personal de Criminal\u00edstica, la recepci\u00f3n de testimonios, el secuestro de elementos de inter\u00e9s y todas las medidas necesarias para el esclarecimiento de lo ocurrido.<\/p>\n<p>Asimismo, se orden\u00f3 el traslado del cuerpo a la ciudad de Salta para la realizaci\u00f3n de la autopsia por parte del Servicio de Tanatolog\u00eda Forense del CIF.<\/p>\n","protected":false},"excerpt":{"rendered":"<p>Se encontraba alojado en una dependencia policial y falleci\u00f3 luego de recibir atenci\u00f3n m\u00e9dica en el hospital local, adonde hab\u00eda sido trasladado.<\/p>\n","protected":false},"author":2,"featured_media":12737,"comment_status":"open","ping_status":"closed","sticky":false,"template":"","format":"standard","meta":{"footnotes":""},"categories":[6],"tags":[],"class_list":["post-12736","post","type-post","status-publish","format-standard","has-post-thumbnail","hentry","category-notas"],"_links":{"self":[{"href":"https:\/\/muycritico.com.ar\/web\/index.php?rest_route=\/wp\/v2\/posts\/12736","targetHints":{"allow":["GET"]}}],"collection":[{"href":"https:\/\/muycritico.com.ar\/web\/index.php?rest_route=\/wp\/v2\/posts"}],"about":[{"href":"https:\/\/muycritico.com.ar\/web\/index.php?rest_route=\/wp\/v2\/types\/post"}],"author":[{"embeddable":true,"href":"https:\/\/muycritico.com.ar\/web\/index.php?rest_route=\/wp\/v2\/users\/2"}],"replies":[{"embeddable":true,"href":"https:\/\/muycritico.com.ar\/web\/index.php?rest_route=%2Fwp%2Fv2%2Fcomments&post=12736"}],"version-history":[{"count":1,"href":"https:\/\/muycritico.com.ar\/web\/index.php?rest_route=\/wp\/v2\/posts\/12736\/revisions"}],"predecessor-version":[{"id":12738,"href":"https:\/\/muycritico.com.ar\/web\/index.php?rest_route=\/wp\/v2\/posts\/12736\/revisions\/12738"}],"wp:featuredmedia":[{"embeddable":true,"href":"https:\/\/muycritico.com.ar\/web\/index.php?rest_route=\/wp\/v2\/media\/12737"}],"wp:attachment":[{"href":"https:\/\/muycritico.com.ar\/web\/index.php?rest_route=%2Fwp%2Fv2%2Fmedia&parent=12736"}],"wp:term":[{"taxonomy":"category","embeddable":true,"href":"https:\/\/muycritico.com.ar\/web\/index.php?rest_route=%2Fwp%2Fv2%2Fcategories&post=12736"},{"taxonomy":"post_tag","embeddable":true,"href":"https:\/\/muycritico.com.ar\/web\/index.php?rest_route=%2Fwp%2Fv2%2Ftags&post=12736"}],"curies":[{"name":"wp","href":"https:\/\/api.w.org\/{rel}","templated":true}]}}