{"id":12729,"date":"2026-01-28T18:23:30","date_gmt":"2026-01-28T21:23:30","guid":{"rendered":"https:\/\/muycritico.com.ar\/web\/?p=12729"},"modified":"2026-01-28T18:23:30","modified_gmt":"2026-01-28T21:23:30","slug":"repavimentan-calles-claves-del-centro-para-una-mejor-circulacion-vehicular","status":"publish","type":"post","link":"https:\/\/muycritico.com.ar\/web\/?p=12729","title":{"rendered":"REPAVIMENTAN CALLES CLAVES DEL CENTRO PARA UNA MEJOR CIRCULACI\u00d3N VEHICULAR"},"content":{"rendered":"<p><strong>La Municipalidad trabaja en el arreglo de calzada en calle 12 de Octubre, entre 20 de Febrero y 25 de Mayo, y en Santiago del Estero, entre Balcarce y Mitre. Las obras tienen como objetivo optimizar la transitabilidad y la seguridad vial. Se solicita a los conductores circular con precauci\u00f3n.<\/strong><\/p>\n<p><!--more--><\/p>\n<p>Con el objetivo de brindar mayor seguridad vial y mejorar la circulaci\u00f3n vehicular en la ciudad, la Municipalidad contin\u00faa trabajando en diversos frentes de obras con arreglos de calles.<\/p>\n<p>En esta ocasi\u00f3n, se est\u00e1n desarrollando tareas de repavimentaci\u00f3n en: 12 de Octubre, en el tramo compendio entre 20 de Febrero y 25 de Mayo, y en Santiago del Estero, entre Balcarce y Mitre.<\/p>\n<p>Estas arterias pertenecen a los principales corredores viales del \u00e1rea centro, y de los m\u00e1s utilizados por los vecinos para dirigirse tanto desde zona oeste a este como viceversa.<\/p>\n<p>Se solicita circular con precauci\u00f3n debido a la presencia de maquinarias y operarios.<\/p>\n<p><img loading=\"lazy\" decoding=\"async\" class=\"aligncenter size-full wp-image-12731\" src=\"https:\/\/muycritico.com.ar\/web\/wp-content\/uploads\/2026\/01\/PAVIMENTO2.jpg\" alt=\"\" width=\"717\" height=\"400\" \/><\/p>\n","protected":false},"excerpt":{"rendered":"<p>La Municipalidad trabaja en el arreglo de calzada en calle 12 de Octubre, entre 20 de Febrero y 25 de Mayo, y en Santiago del Estero, entre Balcarce y Mitre. Las obras tienen como objetivo optimizar la transitabilidad y la seguridad vial. Se solicita a los conductores circular con precauci\u00f3n.<\/p>\n","protected":false},"author":2,"featured_media":12730,"comment_status":"open","ping_status":"closed","sticky":false,"template":"","format":"standard","meta":{"footnotes":""},"categories":[6],"tags":[],"class_list":["post-12729","post","type-post","status-publish","format-standard","has-post-thumbnail","hentry","category-notas"],"_links":{"self":[{"href":"https:\/\/muycritico.com.ar\/web\/index.php?rest_route=\/wp\/v2\/posts\/12729","targetHints":{"allow":["GET"]}}],"collection":[{"href":"https:\/\/muycritico.com.ar\/web\/index.php?rest_route=\/wp\/v2\/posts"}],"about":[{"href":"https:\/\/muycritico.com.ar\/web\/index.php?rest_route=\/wp\/v2\/types\/post"}],"author":[{"embeddable":true,"href":"https:\/\/muycritico.com.ar\/web\/index.php?rest_route=\/wp\/v2\/users\/2"}],"replies":[{"embeddable":true,"href":"https:\/\/muycritico.com.ar\/web\/index.php?rest_route=%2Fwp%2Fv2%2Fcomments&post=12729"}],"version-history":[{"count":1,"href":"https:\/\/muycritico.com.ar\/web\/index.php?rest_route=\/wp\/v2\/posts\/12729\/revisions"}],"predecessor-version":[{"id":12732,"href":"https:\/\/muycritico.com.ar\/web\/index.php?rest_route=\/wp\/v2\/posts\/12729\/revisions\/12732"}],"wp:featuredmedia":[{"embeddable":true,"href":"https:\/\/muycritico.com.ar\/web\/index.php?rest_route=\/wp\/v2\/media\/12730"}],"wp:attachment":[{"href":"https:\/\/muycritico.com.ar\/web\/index.php?rest_route=%2Fwp%2Fv2%2Fmedia&parent=12729"}],"wp:term":[{"taxonomy":"category","embeddable":true,"href":"https:\/\/muycritico.com.ar\/web\/index.php?rest_route=%2Fwp%2Fv2%2Fcategories&post=12729"},{"taxonomy":"post_tag","embeddable":true,"href":"https:\/\/muycritico.com.ar\/web\/index.php?rest_route=%2Fwp%2Fv2%2Ftags&post=12729"}],"curies":[{"name":"wp","href":"https:\/\/api.w.org\/{rel}","templated":true}]}}