{"id":12726,"date":"2026-01-28T18:14:04","date_gmt":"2026-01-28T21:14:04","guid":{"rendered":"https:\/\/muycritico.com.ar\/web\/?p=12726"},"modified":"2026-01-28T18:14:04","modified_gmt":"2026-01-28T21:14:04","slug":"el-galpon-todo-listo-para-dar-inicio-al-carnaval-con-el-gran-baile-de-desentierro","status":"publish","type":"post","link":"https:\/\/muycritico.com.ar\/web\/?p=12726","title":{"rendered":"EL GALP\u00d3N: TODO LISTO PARA DAR INICIO AL CARNAVAL CON EL GRAN BAILE DE DESENTIERRO"},"content":{"rendered":"<p><strong>Se viene el carnaval y El Galp\u00f3n ya empieza a vivirlo como se merece. La tradici\u00f3n vuelve a encontrarnos y la fiesta empieza a tomar forma, con ganas de compartir y celebrar juntos.<\/strong><\/p>\n<p><!--more--><\/p>\n<p>Este s\u00e1bado 7 de febrero, desde las 17 horas, el Complejo Deportivo Municipal ser\u00e1 el escenario del Gran Baile de Desentierro del Carnaval, una jornada para disfrutar de la m\u00fasica, el baile y el esp\u00edritu carnavalero.<\/p>\n<p>Habr\u00e1 caravana desde la plaza central, feria de emprendedores, puestos de comida, pileta y una propuesta musical variada, pensada para todos los gustos y edades.<\/p>\n<p>El ingreso de bebidas es libre y las entradas anticipadas tienen un valor de $5.000. El Galp\u00f3n abre el carnaval con una gran fiesta popular, para vivirla en comunidad.<\/p>\n","protected":false},"excerpt":{"rendered":"<p>Se viene el carnaval y El Galp\u00f3n ya empieza a vivirlo como se merece. La tradici\u00f3n vuelve a encontrarnos y la fiesta empieza a tomar forma, con ganas de compartir y celebrar juntos.<\/p>\n","protected":false},"author":2,"featured_media":12727,"comment_status":"open","ping_status":"closed","sticky":false,"template":"","format":"standard","meta":{"footnotes":""},"categories":[8],"tags":[],"class_list":["post-12726","post","type-post","status-publish","format-standard","has-post-thumbnail","hentry","category-cultura"],"_links":{"self":[{"href":"https:\/\/muycritico.com.ar\/web\/index.php?rest_route=\/wp\/v2\/posts\/12726","targetHints":{"allow":["GET"]}}],"collection":[{"href":"https:\/\/muycritico.com.ar\/web\/index.php?rest_route=\/wp\/v2\/posts"}],"about":[{"href":"https:\/\/muycritico.com.ar\/web\/index.php?rest_route=\/wp\/v2\/types\/post"}],"author":[{"embeddable":true,"href":"https:\/\/muycritico.com.ar\/web\/index.php?rest_route=\/wp\/v2\/users\/2"}],"replies":[{"embeddable":true,"href":"https:\/\/muycritico.com.ar\/web\/index.php?rest_route=%2Fwp%2Fv2%2Fcomments&post=12726"}],"version-history":[{"count":1,"href":"https:\/\/muycritico.com.ar\/web\/index.php?rest_route=\/wp\/v2\/posts\/12726\/revisions"}],"predecessor-version":[{"id":12728,"href":"https:\/\/muycritico.com.ar\/web\/index.php?rest_route=\/wp\/v2\/posts\/12726\/revisions\/12728"}],"wp:featuredmedia":[{"embeddable":true,"href":"https:\/\/muycritico.com.ar\/web\/index.php?rest_route=\/wp\/v2\/media\/12727"}],"wp:attachment":[{"href":"https:\/\/muycritico.com.ar\/web\/index.php?rest_route=%2Fwp%2Fv2%2Fmedia&parent=12726"}],"wp:term":[{"taxonomy":"category","embeddable":true,"href":"https:\/\/muycritico.com.ar\/web\/index.php?rest_route=%2Fwp%2Fv2%2Fcategories&post=12726"},{"taxonomy":"post_tag","embeddable":true,"href":"https:\/\/muycritico.com.ar\/web\/index.php?rest_route=%2Fwp%2Fv2%2Ftags&post=12726"}],"curies":[{"name":"wp","href":"https:\/\/api.w.org\/{rel}","templated":true}]}}