{"id":12723,"date":"2026-01-28T18:03:39","date_gmt":"2026-01-28T21:03:39","guid":{"rendered":"https:\/\/muycritico.com.ar\/web\/?p=12723"},"modified":"2026-01-28T18:03:39","modified_gmt":"2026-01-28T21:03:39","slug":"cosquin-politizado-luciana-jury-sobrina-de-leonardo-favio-fue-abucheada-luego-de-criticar-a-milei","status":"publish","type":"post","link":"https:\/\/muycritico.com.ar\/web\/?p=12723","title":{"rendered":"COSQU\u00cdN POLITIZADO: LUCIANA JURY, SOBRINA DE LEONARDO FAVIO, FUE ABUCHEADA LUEGO DE CRITICAR A MILEI"},"content":{"rendered":"<p><strong>Ocurri\u00f3 a pocos d\u00edas de la participaci\u00f3n del presidente en el show del Chaque\u00f1o Palavecino en Jes\u00fas Mar\u00eda. Durante su participaci\u00f3n us\u00f3 lenguaje inclusivo, cuestion\u00f3 a Mauricio Macri y al Gobierno actual.<\/strong><\/p>\n<p><!--more--><\/p>\n<p>Luciana Jury, sobrina de Leonardo Favio y quien considera al escenario como &#8220;un campo de batalla&#8221;, se present\u00f3 este lunes en el Festival Nacional de Folklore, en C\u00f3rdoba. La cantante y compositora vivi\u00f3 un tenso momento la noche del lunes en medio de su presentaci\u00f3n en el Festival Nacional de Folklore de Cosqu\u00edn cuando fue abucheada por la multitud luego de un show en el que utiliz\u00f3 lenguaje inclusivo y realiz\u00f3 varios comentarios en contra del macrismo y de Javier Milei. Hacia el final de su presentaci\u00f3n, cuando ofreci\u00f3 cantar un tema m\u00e1s, la multitud le respondi\u00f3 con un contundente &#8220;no&#8221;.<\/p>\n<p>La actuaci\u00f3n de Jury en la tercera luna del festival ocurri\u00f3 a poco m\u00e1s de una semana de la presentaci\u00f3n de Javier Milei durante el show del Chaque\u00f1o Palavecino en el festival de la Doma y el Folklore, en Jes\u00fas Mar\u00eda. Aunque en ambos casos el motivo de la cita fue el folklore, la reacci\u00f3n del p\u00fablico no fue la misma. Mientras que el mandatario se baj\u00f3 del escenario ovacionado, a la cantante bonaerense que actu\u00f3 30 minutos le rechazaron el \u00faltimo tema.<\/p>\n<p>Seg\u00fan detalla el medio porte\u00f1o Clar\u00edn, la mujer, de fuerte raigambre con el kirchnerismo, fue la segunda artista de la grilla en subir al escenario en la misma noche en que el cierre estaba a cargo de Abel Pintos. La artista inici\u00f3 su show con fuertes cr\u00edticas al capitalismo que incluy\u00f3 durante su interpretaci\u00f3n del tema &#8220;Vuele bajo&#8221; de Facundo Cabral.<\/p>\n<p><iframe loading=\"lazy\" title=\"Tensi\u00f3n en Cosqu\u00edn 2026 tras el show de Luciana Jury\" width=\"563\" height=\"1000\" src=\"https:\/\/www.youtube.com\/embed\/0PCf_FIT3dw?feature=oembed\" frameborder=\"0\" allow=\"accelerometer; autoplay; clipboard-write; encrypted-media; gyroscope; picture-in-picture; web-share\" referrerpolicy=\"strict-origin-when-cross-origin\" allowfullscreen><\/iframe><\/p>\n<p>La estrofa que originalmente dec\u00eda &#8220;sigue siendo ni\u00f1o y en paz dormir\u00e1s, sin guerras ni maquinas de calcular&#8221;, la compositora la modific\u00f3 para que diga &#8220;sin guerras, ni genocidios, conspiraciones para el lado del mal, traiciones, incendios provocados por la angurria capitalista, extractivismo obsceno ni m\u00e1quinas de calcular&#8221;.<\/p>\n<p>Menos sutil, hacia el final de la canci\u00f3n, modific\u00f3 la letra nuevamente para que diga que &#8220;Dios quiera que el hombre pudiera volver a ser ni\u00f1o un d\u00eda para comprender que est\u00e1 equivocado si piensa encontrar en una chequera o criptomoneda la felicidad&#8221;.<\/p>\n<p>Pero los abucheos y silbidos llegaron luego de ese tema, a poco m\u00e1s de 10 minutos de iniciada su actuaci\u00f3n, cuando la cantante,-y sobrina de Leonardo Favio-, hizo subir al escenario a la poeta Susy Shock, quien se define como &#8220;travesti sudaka&#8221;.<\/p>\n<p>&#8220;Vengo con muchos amigos porque en estos tiempos de tanta crueldad, de tanta violencia y de tanto miedo lo que tenemos que hacer urgentemente es no estar solos y armar comunidad&#8221;, lanz\u00f3.<\/p>\n<p>&#8220;Cuando vi su concierto con la banda de Los Colibr\u00edes yo estaba muy ensombrecida porque eran \u00e9pocas dur\u00edsimas del macrismo y en esa \u00e9poca necesitaba un refugio y ahora tambi\u00e9n lo necesito&#8221;, record\u00f3 en ese momento Jury desde el escenario, a lo que el p\u00fablico respondi\u00f3 con una primera tanda de silbidos.<\/p>\n<p>Luego de ese primer rechazo, Jury le dio la palabra a Susy Shock, quien se despach\u00f3 con la frase: &#8220;Gracias porque es un folklore que no es ning\u00fan alcahuete del poder de turno&#8221;, lo que gener\u00f3 una nueva ola de silbidos y abucheos. Aunque la artista no lo especific\u00f3, la referencia son\u00f3 obvia a la presentaci\u00f3n de Milei durante el festival de Jes\u00fas Mar\u00eda en donde, a pedido del Chaque\u00f1o Palavecino, el Presidente se subi\u00f3 al escenario para cantar, lo que gener\u00f3 voces encontradas en el ambiente musical.<\/p>\n<p>Unos 10 minutos despu\u00e9s, cuando Jury le pregunt\u00f3 al p\u00fablico si la estaba pasando bien, la respuesta desde abajo del escenario se materializ\u00f3 a trav\u00e9s de un rotundo &#8220;Nooo&#8221;.<\/p>\n<p>&#8220;\u00bfDijeron que no? Qu\u00e9 raro&#8230; \u00bfS\u00ed?&#8221; insisti\u00f3, confundida la artista, a lo que recibi\u00f3 una nueva negativa desde el p\u00fablico. Jury no se dio por vencida y pidi\u00f3 la colaboraci\u00f3n de los asistentes para el siguiente tema pero al solicitar que la acompa\u00f1en con coros de &#8220;ooooh&#8221;, s\u00f3lo unos pocos aceptaron la invitaci\u00f3n.<\/p>\n<p>&#8220;Todos no, me dicen che, \u00bfQu\u00e9 onda?&#8221;, cuestion\u00f3 y, luego de encontrar a un reducido grupo que le dio su apoyo continu\u00f3 con el show.<\/p>\n<p>Terminada su performance, Jury dialog\u00f3 con distintos medios, en los que se refiri\u00f3 a lo ocurrido y sostuvo que le parec\u00eda leg\u00edtimo que el p\u00fablico se expresara, aun cuando no coincidiese con su postura. \u201cMe quedo con lo mejor. Este p\u00fablico fue extraordinario\u201d, apunt\u00f3.<\/p>\n<p>En tanto, al ser entrevistada por Cadena 3 a la salida del escenario, Susy Shock tambi\u00e9n se refiri\u00f3 a la reacci\u00f3n popular y dispar\u00f3: &#8220;Hay un folklore c\u00f3mplice del poder&#8221;. &#8220;Tenemos que decir que no somos de ese folklore&#8221;, aclar\u00f3 en alusi\u00f3n al paso de Javier Milei por Jes\u00fas Mar\u00eda.<\/p>\n<p>Por otro lado, tambi\u00e9n se refiri\u00f3 al tema el cantautor Abel Pintos, quien sostuvo que pol\u00edtica siempre estuvo presente en los escenarios a lo largo de los a\u00f1os. &#8220;Muchos grandes \u00eddolos de la m\u00fasica popular han utilizado su canto para expresar sus ideas, no es una cosa nueva&#8221;, explic\u00f3 y m\u00e1s tarde a\u00f1adi\u00f3: &#8220;No me parece que est\u00e9 mal, vivimos en democracia gracias a Dios&#8221;.<\/p>\n<p><strong>Qui\u00e9n es Luciana Jury, la cantante para quien el escenario &#8220;es un campo de batalla&#8221;<\/strong><\/p>\n<p>Luciana Jury Mantello naci\u00f3 en Buenos Aires en 1974. En redes se define como &#8220;cantora, guitarrista y compositora&#8221; y enfoc\u00f3 su carrera en el g\u00e9nero musical del folklore. Jury viene de una familia de artistas, entre quienes destacan su madre, la locutora y actriz de radioteatros Marta Mantello, su padre, el escritor, guionista y director de cine Jorge Zuahir Jury Olivera y su t\u00edo, el famoso cineasta Leonardo Favio.<\/p>\n<p>En su Instagram, en el que predominan las publicaciones escritas en lenguaje inclusivo, muestra varias de sus presentaciones en vivo. En 2022, su carrera la llev\u00f3 de gira por Europa, en donde se present\u00f3 en B\u00e9lgica, Austria, Dinamarca y Alemania.<\/p>\n<p>A lo largo de los a\u00f1os la artista no ocult\u00f3 su cercan\u00eda con el espacio kirchnerista. En 2016 form\u00f3 parte del grupo de artistas que se presentaron en el Teatro Roma del municipio de Avellaneda en el marco del ciclo &#8220;La Patria en textos y canciones&#8221; que hab\u00eda organizado un por entonces reci\u00e9n formado Instituto Patria y del que tambi\u00e9n participaron otros artistas cercanos al espacio, entre otros Cristina Banegas, Rita Cortese y Graciela Dufau. Tambi\u00e9n dijo presente el ya hist\u00f3rico intendente de esas tierras, Jorge Ferraresi.<\/p>\n<p>&nbsp;<\/p>\n<p>En esa ocasi\u00f3n, la velada incluy\u00f3 un llamado telef\u00f3nico en la que la expresidenta Cristina Kirchner record\u00f3 a Jury como &#8220;la sobrina de mi querido y entra\u00f1able e inolvidable Leonardo Favio&#8221;.<\/p>\n<p>A\u00f1os m\u00e1s tarde, cuando en 2019 Ferraresi organiz\u00f3 otro acto, esta vez en apoyo a Nicol\u00e1s Maduro, tambi\u00e9n form\u00f3 parte de los artistas que se subieron al escenario. En esa ocasi\u00f3n tambi\u00e9n hab\u00edan dicho presente Victoria Onetto .ahora funcionaria de Axel Kicillof- y Gerardo Romano, quien se subi\u00f3 a las tablas para hacer una interpretaci\u00f3n de Juan Domingo Per\u00f3n.<\/p>\n<p><strong>La palabra de Jury tras la controversia<\/strong><\/p>\n<p>Tras la controversia que se desat\u00f3 luego de su presentaci\u00f3n en Cosqu\u00edn, y en di\u00e1logo con la radio AM530, Jury sostuvo que su intenci\u00f3n &#8220;no es confrontar&#8221;. &#8220;Es sencillamente decir lo que pienso con total libertad, no puedo tener miedo de eso. Entonces lo dije con total soltura, sin intenci\u00f3n de enfrentarme con el otro\u201d, a\u00f1adi\u00f3.<\/p>\n<p>&#8220;Al otro le jode, le hiere, le duelen mis expresiones, bueno, est\u00e1 bien pero no era y no es mi intenci\u00f3n\u201d, agreg\u00f3 adem\u00e1s.<\/p>\n<p>Durante la entrevista, la cantante fue tajante al tomar como propia la voz de la cultura. \u201cEstamos en guerra&#8221; sostuvo y lanz\u00f3: &#8220;Hay que posicionarse. Para pelear hay que estar de un lado. O a batallar&#8221;. &#8220;Es un campo de batalla hoy por hoy el escenario\u201d, sentenci\u00f3 la artista K abucheada en Cosqu\u00edn.<\/p>\n","protected":false},"excerpt":{"rendered":"<p>Ocurri\u00f3 a pocos d\u00edas de la participaci\u00f3n del presidente en el show del Chaque\u00f1o Palavecino en Jes\u00fas Mar\u00eda. Durante su participaci\u00f3n us\u00f3 lenguaje inclusivo, cuestion\u00f3 a Mauricio Macri y al Gobierno actual.<\/p>\n","protected":false},"author":2,"featured_media":12724,"comment_status":"open","ping_status":"closed","sticky":false,"template":"","format":"standard","meta":{"footnotes":""},"categories":[6],"tags":[1343],"class_list":["post-12723","post","type-post","status-publish","format-standard","has-post-thumbnail","hentry","category-notas","tag-luciana-jury"],"_links":{"self":[{"href":"https:\/\/muycritico.com.ar\/web\/index.php?rest_route=\/wp\/v2\/posts\/12723","targetHints":{"allow":["GET"]}}],"collection":[{"href":"https:\/\/muycritico.com.ar\/web\/index.php?rest_route=\/wp\/v2\/posts"}],"about":[{"href":"https:\/\/muycritico.com.ar\/web\/index.php?rest_route=\/wp\/v2\/types\/post"}],"author":[{"embeddable":true,"href":"https:\/\/muycritico.com.ar\/web\/index.php?rest_route=\/wp\/v2\/users\/2"}],"replies":[{"embeddable":true,"href":"https:\/\/muycritico.com.ar\/web\/index.php?rest_route=%2Fwp%2Fv2%2Fcomments&post=12723"}],"version-history":[{"count":1,"href":"https:\/\/muycritico.com.ar\/web\/index.php?rest_route=\/wp\/v2\/posts\/12723\/revisions"}],"predecessor-version":[{"id":12725,"href":"https:\/\/muycritico.com.ar\/web\/index.php?rest_route=\/wp\/v2\/posts\/12723\/revisions\/12725"}],"wp:featuredmedia":[{"embeddable":true,"href":"https:\/\/muycritico.com.ar\/web\/index.php?rest_route=\/wp\/v2\/media\/12724"}],"wp:attachment":[{"href":"https:\/\/muycritico.com.ar\/web\/index.php?rest_route=%2Fwp%2Fv2%2Fmedia&parent=12723"}],"wp:term":[{"taxonomy":"category","embeddable":true,"href":"https:\/\/muycritico.com.ar\/web\/index.php?rest_route=%2Fwp%2Fv2%2Fcategories&post=12723"},{"taxonomy":"post_tag","embeddable":true,"href":"https:\/\/muycritico.com.ar\/web\/index.php?rest_route=%2Fwp%2Fv2%2Ftags&post=12723"}],"curies":[{"name":"wp","href":"https:\/\/api.w.org\/{rel}","templated":true}]}}