{"id":12720,"date":"2026-01-28T13:50:35","date_gmt":"2026-01-28T16:50:35","guid":{"rendered":"https:\/\/muycritico.com.ar\/web\/?p=12720"},"modified":"2026-01-28T13:50:35","modified_gmt":"2026-01-28T16:50:35","slug":"francia-prohibe-el-uso-de-redes-sociales-para-menores-de-15-anos-para-cuando-en-argentina","status":"publish","type":"post","link":"https:\/\/muycritico.com.ar\/web\/?p=12720","title":{"rendered":"FRANCIA PROH\u00cdBE EL USO DE REDES SOCIALES PARA MENORES DE 15 A\u00d1OS \u00bfPARA CU\u00c1NDO EN ARGENTINA?"},"content":{"rendered":"<p><strong>&#8220;Este es un paso importante. Porque el cerebro de nuestros hijos no est\u00e1 a la venta. Ni en plataformas estadounidenses ni en cadenas chinas. Porque sus sue\u00f1os no pueden ser dictados por algoritmos&#8221;, escribi\u00f3 en su cuenta de X el presidente de ese pa\u00eds. Solo falta la aprobaci\u00f3n del senado.\u00a0<\/strong><strong>Foto: publicada en Vandal<\/strong><\/p>\n<p><!--more--><\/p>\n<p>Francia se suma a los pa\u00edses que proh\u00edben el acceso a las redes sociales a menores de 15 a\u00f1os: cu\u00e1les son los otros. A\u00fan falta la aprobaci\u00f3n en el Senado para que pueda aplicarse a partir del 1 de septiembre, fecha en la que comienza el a\u00f1o escolar en Francia.<\/p>\n<p>Adem\u00e1s la Asamblea Nacional de Francia aprob\u00f3 la prohibici\u00f3n de la utilizaci\u00f3n de los celulares en las instituciones educativas. Es el primer pa\u00eds europeo en proceso de sancionar una ley de este estilo.<\/p>\n<p>La medida fue respaldada con 130 votos a favor y 21 en contra en un debate que se extendi\u00f3 hasta la medianoche. No obstante, a\u00fan falta la aprobaci\u00f3n en el Senado para que pueda aplicarse a partir del 1 de septiembre, fecha en la que comienza el a\u00f1o escolar.<\/p>\n<p><strong>Estos son los pa\u00edses que ya regularon el acceso a las redes sociales \u00bfy Argentina para cu\u00e1ndo?<\/strong><\/p>\n<p>En diciembre, Australia sancion\u00f3 una ley inedita en el mundo: se convirti\u00f3 en el primer pa\u00eds en prohibir las redes sociales a los menores de 16 a\u00f1os. De esta forma, miles de adolescentes perdieron acceso a TikTok e Instagram.<\/p>\n<p>Debido a la medida, las empresas deb\u00edan eliminar de sus aplicaciones las cuentas de usuarios australianos menores de 16 a\u00f1os o enfrentarse a multas de hasta 49,5 millones de d\u00f3lares australianos (33 millones de d\u00f3lares estadounidenses).<\/p>\n<p>Por otro lado, hay varios pa\u00edses que buscan debatir leyes similares. Ese es el caso de Dinamarca, cuyo Ministerio de Digitalizaci\u00f3n anunci\u00f3 en noviembre que se impulsar\u00eda un acuerdo para prohibir el acceso a menores de 15 a\u00f1os. No obstante, se permitir\u00eda que algunos padres den su consentimiento para que sus hijos accedan a las redes desde los 13 a\u00f1os en algunos casos espec\u00edficos.<\/p>\n","protected":false},"excerpt":{"rendered":"<p>&#8220;Este es un paso importante. Porque el cerebro de nuestros hijos no est\u00e1 a la venta. Ni en plataformas estadounidenses ni en cadenas chinas. Porque sus sue\u00f1os no pueden ser dictados por algoritmos&#8221;, escribi\u00f3 en su cuenta de X el presidente de ese pa\u00eds. Solo falta la aprobaci\u00f3n del senado.\u00a0Foto: publicada en Vandal<\/p>\n","protected":false},"author":2,"featured_media":12721,"comment_status":"open","ping_status":"closed","sticky":false,"template":"","format":"standard","meta":{"footnotes":""},"categories":[6],"tags":[],"class_list":["post-12720","post","type-post","status-publish","format-standard","has-post-thumbnail","hentry","category-notas"],"_links":{"self":[{"href":"https:\/\/muycritico.com.ar\/web\/index.php?rest_route=\/wp\/v2\/posts\/12720","targetHints":{"allow":["GET"]}}],"collection":[{"href":"https:\/\/muycritico.com.ar\/web\/index.php?rest_route=\/wp\/v2\/posts"}],"about":[{"href":"https:\/\/muycritico.com.ar\/web\/index.php?rest_route=\/wp\/v2\/types\/post"}],"author":[{"embeddable":true,"href":"https:\/\/muycritico.com.ar\/web\/index.php?rest_route=\/wp\/v2\/users\/2"}],"replies":[{"embeddable":true,"href":"https:\/\/muycritico.com.ar\/web\/index.php?rest_route=%2Fwp%2Fv2%2Fcomments&post=12720"}],"version-history":[{"count":1,"href":"https:\/\/muycritico.com.ar\/web\/index.php?rest_route=\/wp\/v2\/posts\/12720\/revisions"}],"predecessor-version":[{"id":12722,"href":"https:\/\/muycritico.com.ar\/web\/index.php?rest_route=\/wp\/v2\/posts\/12720\/revisions\/12722"}],"wp:featuredmedia":[{"embeddable":true,"href":"https:\/\/muycritico.com.ar\/web\/index.php?rest_route=\/wp\/v2\/media\/12721"}],"wp:attachment":[{"href":"https:\/\/muycritico.com.ar\/web\/index.php?rest_route=%2Fwp%2Fv2%2Fmedia&parent=12720"}],"wp:term":[{"taxonomy":"category","embeddable":true,"href":"https:\/\/muycritico.com.ar\/web\/index.php?rest_route=%2Fwp%2Fv2%2Fcategories&post=12720"},{"taxonomy":"post_tag","embeddable":true,"href":"https:\/\/muycritico.com.ar\/web\/index.php?rest_route=%2Fwp%2Fv2%2Ftags&post=12720"}],"curies":[{"name":"wp","href":"https:\/\/api.w.org\/{rel}","templated":true}]}}