{"id":12717,"date":"2026-01-28T12:44:34","date_gmt":"2026-01-28T15:44:34","guid":{"rendered":"https:\/\/muycritico.com.ar\/web\/?p=12717"},"modified":"2026-01-28T12:44:34","modified_gmt":"2026-01-28T15:44:34","slug":"saenz-con-legisladores-nacionales-defensa-de-los-recursos-de-salta-ante-la-reforma-laboral-y-fondos-para-obras-federales","status":"publish","type":"post","link":"https:\/\/muycritico.com.ar\/web\/?p=12717","title":{"rendered":"S\u00c1ENZ CON LEGISLADORES NACIONALES: DEFENSA DE LOS RECURSOS DE SALTA ANTE LA REFORMA LABORAL Y FONDOS PARA OBRAS FEDERALES"},"content":{"rendered":"<p><strong>Analizaron el impacto en los recursos coparticipables y la importancia de seguir gestionando la continuidad de obras estrat\u00e9gicas para el desarrollo productivo, econ\u00f3mico y social de la provincia. Los legisladores libertarios estuvieron ausentes a pesar de la convocatoria.<\/strong><\/p>\n<p><!--more--><\/p>\n<p>El gobernador Gustavo S\u00e1enz convoc\u00f3 a todos los legisladores nacionales por Salta para analizar conjuntamente el proyecto de ley de Modernizaci\u00f3n laboral y plantear la defensa de los intereses provinciales, a partir de la consideraci\u00f3n del impacto de la reducci\u00f3n de la al\u00edcuota del impuesto a las ganancias.<\/p>\n<p>Al respecto, la senadora nacional Flavia Roy\u00f3n puntualiz\u00f3 la importancia de debatir c\u00f3mo afecta a la provincia el cap\u00edtulo impositivo incluido dentro del proyecto de reforma laboral. \u201cSe plantea una baja de impuestos que tiene un impacto fiscal en las provincias y en los recursos coparticipables\u201d, dijo la legisladora.<\/p>\n<p>Consider\u00f3 al respecto que bajar impuestos coparticipables \u201ctiene un impacto muy fuerte. Proponemos buscar alternativas reduciendo impuestos nacionales que no afecten a las provincias para dar previsibilidad a la administraci\u00f3n\u201d, se\u00f1al\u00f3 Roy\u00f3n.<\/p>\n<p>Con relaci\u00f3n a las obras nacionales, indic\u00f3 que el Gobernador les pidi\u00f3 sumarse a las gestiones para que el flujo de recursos no se detenga.<\/p>\n<p>Por su parte, el diputado nacional Pablo Outes opin\u00f3 que se avalan medidas que permitan la generaci\u00f3n de empleo registrado, pero tambi\u00e9n \u201ctenemos el pleno convencimiento de defender los recursos coparticipables&#8221;.<\/p>\n<p><iframe loading=\"lazy\" title=\"Gustavo S\u00e1enz con legisladores nacionales: defensa de los recursos de Salta ante la reforma laboral\" width=\"696\" height=\"392\" src=\"https:\/\/www.youtube.com\/embed\/r-LYXnZj1-8?feature=oembed\" frameborder=\"0\" allow=\"accelerometer; autoplay; clipboard-write; encrypted-media; gyroscope; picture-in-picture; web-share\" referrerpolicy=\"strict-origin-when-cross-origin\" allowfullscreen><\/iframe><\/p>\n<p>&#8220;Entendemos que hay que reducir tributos, pero el Gobierno nacional no puede hacerlo a costa de los recursos provinciales. Deben mirar los impuestos no coparticipables que se queda la Naci\u00f3n&#8221;, manifest\u00f3.<\/p>\n<p>En sinton\u00eda, el diputado Bernardo Biella enfatiz\u00f3 \u201cque las provincias no podemos ceder m\u00e1s de nuestros recursos a Naci\u00f3n\u201d.<\/p>\n<p>La diputada nacional Yolanda Vega ratific\u00f3 que la Provincia ya finaliz\u00f3 con fondos propios obras que estaban a cargo de la Naci\u00f3n, como la ejecuci\u00f3n de m\u00e1s de 2 mil viviendas, 18 escuelas, 19 Centros de Desarrollo Comunitario y otros proyectos que estaban incluidos en Argentina Hace.<\/p>\n<p>Todos los legisladores lamentaron la inasistencia de los representantes de La Libertad Avanza.<\/p>\n<p>El diputado nacional Biella record\u00f3 que incluso el Ministro del Interior de la Naci\u00f3n los hab\u00eda instado p\u00fablicamente a acompa\u00f1ar la gesti\u00f3n del Gobernador por ser referentes provinciales. &#8220;Parece que han deso\u00eddo hasta a su propio Ministro,&#8221; dijo.<\/p>\n<p>Tambi\u00e9n Outes se\u00f1al\u00f3 que \u201cno solo hay que aplaudir las cuestiones del gobierno nacional, sino tambi\u00e9n defender los intereses de la provincia\u201d.<\/p>\n<p>La reuni\u00f3n cont\u00f3 con la presencia del jefe de Gabinete Sergio Camacho, el ministro de Econom\u00eda y Servicios P\u00fablicos Roberto Dib Ashur y la subsecretaria de Vocer\u00eda, Paula Benavides.<\/p>\n","protected":false},"excerpt":{"rendered":"<p>Analizaron el impacto en los recursos coparticipables y la importancia de seguir gestionando la continuidad de obras estrat\u00e9gicas para el desarrollo productivo, econ\u00f3mico y social de la provincia. Los legisladores libertarios estuvieron ausentes a pesar de la convocatoria.<\/p>\n","protected":false},"author":2,"featured_media":12718,"comment_status":"open","ping_status":"closed","sticky":false,"template":"","format":"standard","meta":{"footnotes":""},"categories":[6],"tags":[],"class_list":["post-12717","post","type-post","status-publish","format-standard","has-post-thumbnail","hentry","category-notas"],"_links":{"self":[{"href":"https:\/\/muycritico.com.ar\/web\/index.php?rest_route=\/wp\/v2\/posts\/12717","targetHints":{"allow":["GET"]}}],"collection":[{"href":"https:\/\/muycritico.com.ar\/web\/index.php?rest_route=\/wp\/v2\/posts"}],"about":[{"href":"https:\/\/muycritico.com.ar\/web\/index.php?rest_route=\/wp\/v2\/types\/post"}],"author":[{"embeddable":true,"href":"https:\/\/muycritico.com.ar\/web\/index.php?rest_route=\/wp\/v2\/users\/2"}],"replies":[{"embeddable":true,"href":"https:\/\/muycritico.com.ar\/web\/index.php?rest_route=%2Fwp%2Fv2%2Fcomments&post=12717"}],"version-history":[{"count":1,"href":"https:\/\/muycritico.com.ar\/web\/index.php?rest_route=\/wp\/v2\/posts\/12717\/revisions"}],"predecessor-version":[{"id":12719,"href":"https:\/\/muycritico.com.ar\/web\/index.php?rest_route=\/wp\/v2\/posts\/12717\/revisions\/12719"}],"wp:featuredmedia":[{"embeddable":true,"href":"https:\/\/muycritico.com.ar\/web\/index.php?rest_route=\/wp\/v2\/media\/12718"}],"wp:attachment":[{"href":"https:\/\/muycritico.com.ar\/web\/index.php?rest_route=%2Fwp%2Fv2%2Fmedia&parent=12717"}],"wp:term":[{"taxonomy":"category","embeddable":true,"href":"https:\/\/muycritico.com.ar\/web\/index.php?rest_route=%2Fwp%2Fv2%2Fcategories&post=12717"},{"taxonomy":"post_tag","embeddable":true,"href":"https:\/\/muycritico.com.ar\/web\/index.php?rest_route=%2Fwp%2Fv2%2Ftags&post=12717"}],"curies":[{"name":"wp","href":"https:\/\/api.w.org\/{rel}","templated":true}]}}