{"id":12712,"date":"2026-01-28T10:50:01","date_gmt":"2026-01-28T13:50:01","guid":{"rendered":"https:\/\/muycritico.com.ar\/web\/?p=12712"},"modified":"2026-01-28T10:50:30","modified_gmt":"2026-01-28T13:50:30","slug":"no-es-lo-mismo-un-borracho-que-una-persona-que-se-toma-una-copa-de-vino-durante-una-comida","status":"publish","type":"post","link":"https:\/\/muycritico.com.ar\/web\/?p=12712","title":{"rendered":"\u201cNO ES LO MISMO UN BORRACHO QUE UNA PERSONA QUE SE TOMA UNA COPA DE VINO DURANTE UNA COMIDA\u201d"},"content":{"rendered":"<p><strong>Lo dijo el presidente de la Asociaci\u00f3n de Bodegas de Salta, Alejandro Martorell, durante el ciclo PASARON COSAS. El empresario cuestion\u00f3 la vigencia de la ley de Tolerancia Cero de alcohol al volante y plante\u00f3 la necesidad de revisar la normativa, al considerar que no distingue entre situaciones de consumo responsable y conductas de riesgo.<\/strong><\/p>\n<p><!--more--><\/p>\n<p>No hay dudas de que el sector tur\u00edstico est\u00e1 pasando un momento muy dif\u00edcil con la ca\u00edda del consumo en sectores como el gastron\u00f3mico, tur\u00edstico y vitivin\u00edcola, especialmente en regiones productivas como los Valles Calchaqu\u00edes.<\/p>\n<p>Alejandro Martorell estuvo invitado en el ciclo televisivo PASARON COSAS y all\u00ed apunt\u00f3 directo a la ley de tolerancia cero, aduciendo que no todos los consumidores son peligrosos ebrios al volante y que eso afecta directo al sector que \u00e9l preside.<\/p>\n<p>El dirigente sostuvo que la ley lleva m\u00e1s de una d\u00e9cada en vigencia y que ser\u00eda oportuno analizar sus resultados con datos y estad\u00edsticas, adem\u00e1s de incorporar criterios m\u00e9dicos. \u201cNo se puede asimilar a alguien que tom\u00f3 una copa con una persona alcoholizada. Son situaciones completamente distintas\u201d, se\u00f1al\u00f3.<\/p>\n<p>Martorell aclar\u00f3 que su postura no implica promover la conducci\u00f3n bajo los efectos del alcohol, sino establecer una diferenciaci\u00f3n razonable. \u201cNo es una apolog\u00eda de la borrachera. Estamos hablando de consumo moderado y responsable\u201d, explic\u00f3.<\/p>\n<p>En ese sentido, advirti\u00f3 que la normativa impacta directamente en el turismo: \u201cUn visitante que viene a Salta, visita una bodega, prueba dos copas de vino y pierde el veh\u00edculo o el carnet, \u00bfqu\u00e9 imagen se lleva? Es una trampa que desalienta el turismo\u201d, expres\u00f3.<\/p>\n<p>El titular de Bodegas de Salta tambi\u00e9n compar\u00f3 la situaci\u00f3n con otras provincias vitivin\u00edcolas, donde el l\u00edmite permitido es de 0,5 gramos de alcohol en sangre. \u201cEl turista elige d\u00f3nde ir. Si en una provincia puede disfrutar una comida con una copa y en otra no, eso influye\u201d, remarc\u00f3.<\/p>\n<p>Finalmente, Martorell pidi\u00f3 abrir un debate serio y t\u00e9cnico sobre la ley, que contemple seguridad vial, producci\u00f3n, turismo y gastronom\u00eda. \u201cLa seguridad es prioritaria, pero tambi\u00e9n lo es cuidar actividades que generan trabajo y forman parte de nuestra identidad cultural\u201d, concluy\u00f3.<\/p>\n","protected":false},"excerpt":{"rendered":"<p>Lo dijo el presidente de la Asociaci\u00f3n de Bodegas de Salta, Alejandro Martorell, durante el ciclo PASARON COSAS. El empresario cuestion\u00f3 la vigencia de la ley de Tolerancia Cero de alcohol al volante y plante\u00f3 la necesidad de revisar la normativa, al considerar que no distingue entre situaciones de consumo responsable y conductas de riesgo.<\/p>\n","protected":false},"author":2,"featured_media":12713,"comment_status":"open","ping_status":"closed","sticky":false,"template":"","format":"standard","meta":{"footnotes":""},"categories":[6],"tags":[1342,298],"class_list":["post-12712","post","type-post","status-publish","format-standard","has-post-thumbnail","hentry","category-notas","tag-alejandro-martorell","tag-tolerancia-cero"],"_links":{"self":[{"href":"https:\/\/muycritico.com.ar\/web\/index.php?rest_route=\/wp\/v2\/posts\/12712","targetHints":{"allow":["GET"]}}],"collection":[{"href":"https:\/\/muycritico.com.ar\/web\/index.php?rest_route=\/wp\/v2\/posts"}],"about":[{"href":"https:\/\/muycritico.com.ar\/web\/index.php?rest_route=\/wp\/v2\/types\/post"}],"author":[{"embeddable":true,"href":"https:\/\/muycritico.com.ar\/web\/index.php?rest_route=\/wp\/v2\/users\/2"}],"replies":[{"embeddable":true,"href":"https:\/\/muycritico.com.ar\/web\/index.php?rest_route=%2Fwp%2Fv2%2Fcomments&post=12712"}],"version-history":[{"count":1,"href":"https:\/\/muycritico.com.ar\/web\/index.php?rest_route=\/wp\/v2\/posts\/12712\/revisions"}],"predecessor-version":[{"id":12714,"href":"https:\/\/muycritico.com.ar\/web\/index.php?rest_route=\/wp\/v2\/posts\/12712\/revisions\/12714"}],"wp:featuredmedia":[{"embeddable":true,"href":"https:\/\/muycritico.com.ar\/web\/index.php?rest_route=\/wp\/v2\/media\/12713"}],"wp:attachment":[{"href":"https:\/\/muycritico.com.ar\/web\/index.php?rest_route=%2Fwp%2Fv2%2Fmedia&parent=12712"}],"wp:term":[{"taxonomy":"category","embeddable":true,"href":"https:\/\/muycritico.com.ar\/web\/index.php?rest_route=%2Fwp%2Fv2%2Fcategories&post=12712"},{"taxonomy":"post_tag","embeddable":true,"href":"https:\/\/muycritico.com.ar\/web\/index.php?rest_route=%2Fwp%2Fv2%2Ftags&post=12712"}],"curies":[{"name":"wp","href":"https:\/\/api.w.org\/{rel}","templated":true}]}}