{"id":12709,"date":"2026-01-27T21:25:30","date_gmt":"2026-01-28T00:25:30","guid":{"rendered":"https:\/\/muycritico.com.ar\/web\/?p=12709"},"modified":"2026-01-27T21:25:30","modified_gmt":"2026-01-28T00:25:30","slug":"reanudaron-los-trabajos-sobre-ruta-nacional-16","status":"publish","type":"post","link":"https:\/\/muycritico.com.ar\/web\/?p=12709","title":{"rendered":"REANUDARON LOS TRABAJOS SOBRE RUTA NACIONAL 16"},"content":{"rendered":"<p><strong>Desde Vialidad Nacional se inform\u00f3 que, tras las intensas lluvias registradas en los \u00faltimos d\u00edas, los trabajos de repavimentaci\u00f3n y mejora en la Ruta Nacional 16 ya fueron reanudados, garantizando la continuidad de una obra de gran importancia para el sur de Salta.<\/strong><\/p>\n<p><!--more--><\/p>\n<p>As\u00ed lo confirm\u00f3 el director de Vialidad Nacional, Federico Casas, quien mantuvo comunicaci\u00f3n con el intendente Federico Sacca para asegurar que, superado el temporal, las tareas volvieron a ponerse en marcha y avanzan conforme a lo previsto, con refuerzos en los sectores m\u00e1s afectados por el agua.<\/p>\n<p>La gesti\u00f3n municipal acompa\u00f1\u00f3 de manera permanente este proceso, realizando las gestiones necesarias para que la obra no se detenga y contin\u00fae beneficiando a El Galp\u00f3n y localidades vecinas.<\/p>\n","protected":false},"excerpt":{"rendered":"<p>Desde Vialidad Nacional se inform\u00f3 que, tras las intensas lluvias registradas en los \u00faltimos d\u00edas, los trabajos de repavimentaci\u00f3n y mejora en la Ruta Nacional 16 ya fueron reanudados, garantizando la continuidad de una obra de gran importancia para el sur de Salta.<\/p>\n","protected":false},"author":2,"featured_media":12710,"comment_status":"open","ping_status":"closed","sticky":false,"template":"","format":"standard","meta":{"footnotes":""},"categories":[6],"tags":[],"class_list":["post-12709","post","type-post","status-publish","format-standard","has-post-thumbnail","hentry","category-notas"],"_links":{"self":[{"href":"https:\/\/muycritico.com.ar\/web\/index.php?rest_route=\/wp\/v2\/posts\/12709","targetHints":{"allow":["GET"]}}],"collection":[{"href":"https:\/\/muycritico.com.ar\/web\/index.php?rest_route=\/wp\/v2\/posts"}],"about":[{"href":"https:\/\/muycritico.com.ar\/web\/index.php?rest_route=\/wp\/v2\/types\/post"}],"author":[{"embeddable":true,"href":"https:\/\/muycritico.com.ar\/web\/index.php?rest_route=\/wp\/v2\/users\/2"}],"replies":[{"embeddable":true,"href":"https:\/\/muycritico.com.ar\/web\/index.php?rest_route=%2Fwp%2Fv2%2Fcomments&post=12709"}],"version-history":[{"count":1,"href":"https:\/\/muycritico.com.ar\/web\/index.php?rest_route=\/wp\/v2\/posts\/12709\/revisions"}],"predecessor-version":[{"id":12711,"href":"https:\/\/muycritico.com.ar\/web\/index.php?rest_route=\/wp\/v2\/posts\/12709\/revisions\/12711"}],"wp:featuredmedia":[{"embeddable":true,"href":"https:\/\/muycritico.com.ar\/web\/index.php?rest_route=\/wp\/v2\/media\/12710"}],"wp:attachment":[{"href":"https:\/\/muycritico.com.ar\/web\/index.php?rest_route=%2Fwp%2Fv2%2Fmedia&parent=12709"}],"wp:term":[{"taxonomy":"category","embeddable":true,"href":"https:\/\/muycritico.com.ar\/web\/index.php?rest_route=%2Fwp%2Fv2%2Fcategories&post=12709"},{"taxonomy":"post_tag","embeddable":true,"href":"https:\/\/muycritico.com.ar\/web\/index.php?rest_route=%2Fwp%2Fv2%2Ftags&post=12709"}],"curies":[{"name":"wp","href":"https:\/\/api.w.org\/{rel}","templated":true}]}}