{"id":12706,"date":"2026-01-27T21:15:37","date_gmt":"2026-01-28T00:15:37","guid":{"rendered":"https:\/\/muycritico.com.ar\/web\/?p=12706"},"modified":"2026-01-27T21:15:37","modified_gmt":"2026-01-28T00:15:37","slug":"ley-penal-juvenil-el-gobierno-oficializo-el-debate-por-la-baja-de-imputabilidad-a-los-13-anos","status":"publish","type":"post","link":"https:\/\/muycritico.com.ar\/web\/?p=12706","title":{"rendered":"LEY PENAL JUVENIL: EL GOBIERNO OFICIALIZ\u00d3 EL DEBATE POR LA BAJA DE IMPUTABILIDAD A LOS 13 A\u00d1OS"},"content":{"rendered":"<p><strong>La iniciativa fue anunciada en el Bolet\u00edn Oficial. A trav\u00e9s del decreto 53\/2026 publicado este martes, el Poder Ejecutivo nacional oficializ\u00f3 la ampliaci\u00f3n del temario de las sesiones extraordinarias del Congreso, incluyendo formalmente el tratamiento del nuevo R\u00e9gimen Penal Juvenil.\u00a0<\/strong><strong>En la foto los asesinos de Axel Blumberg<\/strong><\/p>\n<p><!--more--><\/p>\n<p>La medida busca reemplazar la actual Ley de Minoridad por una normativa que establezca un sistema de responsabilidad penal para adolescentes.<\/p>\n<p>El debate legislativo quedar\u00e1 habilitado a partir del 2 de febrero, fecha en la que inicia el per\u00edodo de sesiones de verano, el cual se extender\u00e1 hasta el 27 de febrero.<\/p>\n<p>La decisi\u00f3n fue confirmada tras una reuni\u00f3n de la mesa pol\u00edtica del Gobierno en Casa Rosada, donde el jefe de Gabinete, Manuel Adorni, anticip\u00f3 la noticia a trav\u00e9s de sus redes sociales.<\/p>\n<p><strong>El eje de la discusi\u00f3n: la edad de imputabilidad<\/strong><\/p>\n<p>El punto central del proyecto, dise\u00f1ado por el Ministerio de Justicia bajo la conducci\u00f3n de Mariano C\u00faneo Libarona, es la reducci\u00f3n de la edad de imputabilidad.<\/p>\n<p>Mientras que la administraci\u00f3n de Javier Milei impulsa fijar el piso en los 13 a\u00f1os, el consenso previo alcanzado en comisiones parlamentarias durante 2024 y 2025 se situ\u00f3 en los 14 a\u00f1os.<\/p>\n<p>Fuentes oficiales indicaron que, a pesar de su preferencia original, el Ejecutivo est\u00e1 dispuesto a mantener abierta la negociaci\u00f3n con bloques aliados y sectores de la oposici\u00f3n para lograr el mayor respaldo pol\u00edtico posible.<\/p>\n<p>El impulso de esta ley en la agenda p\u00fablica se vio reactivado tras el brutal asesinato de Jerem\u00edas Monz\u00f3n, un joven de 15 a\u00f1os, ocurrido en Santa Fe a manos de otros menores.<\/p>\n","protected":false},"excerpt":{"rendered":"<p>La iniciativa fue anunciada en el Bolet\u00edn Oficial. A trav\u00e9s del decreto 53\/2026 publicado este martes, el Poder Ejecutivo nacional oficializ\u00f3 la ampliaci\u00f3n del temario de las sesiones extraordinarias del Congreso, incluyendo formalmente el tratamiento del nuevo R\u00e9gimen Penal Juvenil.\u00a0En la foto los asesinos de Axel Blumberg<\/p>\n","protected":false},"author":2,"featured_media":12707,"comment_status":"open","ping_status":"closed","sticky":false,"template":"","format":"standard","meta":{"footnotes":""},"categories":[6],"tags":[],"class_list":["post-12706","post","type-post","status-publish","format-standard","has-post-thumbnail","hentry","category-notas"],"_links":{"self":[{"href":"https:\/\/muycritico.com.ar\/web\/index.php?rest_route=\/wp\/v2\/posts\/12706","targetHints":{"allow":["GET"]}}],"collection":[{"href":"https:\/\/muycritico.com.ar\/web\/index.php?rest_route=\/wp\/v2\/posts"}],"about":[{"href":"https:\/\/muycritico.com.ar\/web\/index.php?rest_route=\/wp\/v2\/types\/post"}],"author":[{"embeddable":true,"href":"https:\/\/muycritico.com.ar\/web\/index.php?rest_route=\/wp\/v2\/users\/2"}],"replies":[{"embeddable":true,"href":"https:\/\/muycritico.com.ar\/web\/index.php?rest_route=%2Fwp%2Fv2%2Fcomments&post=12706"}],"version-history":[{"count":1,"href":"https:\/\/muycritico.com.ar\/web\/index.php?rest_route=\/wp\/v2\/posts\/12706\/revisions"}],"predecessor-version":[{"id":12708,"href":"https:\/\/muycritico.com.ar\/web\/index.php?rest_route=\/wp\/v2\/posts\/12706\/revisions\/12708"}],"wp:featuredmedia":[{"embeddable":true,"href":"https:\/\/muycritico.com.ar\/web\/index.php?rest_route=\/wp\/v2\/media\/12707"}],"wp:attachment":[{"href":"https:\/\/muycritico.com.ar\/web\/index.php?rest_route=%2Fwp%2Fv2%2Fmedia&parent=12706"}],"wp:term":[{"taxonomy":"category","embeddable":true,"href":"https:\/\/muycritico.com.ar\/web\/index.php?rest_route=%2Fwp%2Fv2%2Fcategories&post=12706"},{"taxonomy":"post_tag","embeddable":true,"href":"https:\/\/muycritico.com.ar\/web\/index.php?rest_route=%2Fwp%2Fv2%2Ftags&post=12706"}],"curies":[{"name":"wp","href":"https:\/\/api.w.org\/{rel}","templated":true}]}}