{"id":12702,"date":"2026-01-27T20:47:09","date_gmt":"2026-01-27T23:47:09","guid":{"rendered":"https:\/\/muycritico.com.ar\/web\/?p=12702"},"modified":"2026-01-27T20:47:09","modified_gmt":"2026-01-27T23:47:09","slug":"chalabe-no-es-solo-dejar-los-lugares-bonitos-es-que-la-gente-los-use-y-se-sienta-segura","status":"publish","type":"post","link":"https:\/\/muycritico.com.ar\/web\/?p=12702","title":{"rendered":"CHALABE: \u201cNO ES S\u00d3LO DEJAR LOS LUGARES BONITOS, ES QUE LA GENTE LOS USE Y SE SIENTA SEGURA\u201d"},"content":{"rendered":"<p><strong>El Jefe de Gabinete municipal, Juan Manuel Chalabe, explic\u00f3 la visi\u00f3n del municipio sobre la recuperaci\u00f3n de plazas y espacios comunes. Reconoci\u00f3 adem\u00e1s la tensi\u00f3n existente entre la falta de trabajo y el respeto por el uso de los espacios p\u00fablicos.<\/strong><\/p>\n<p><!--more--><\/p>\n<p>El jefe de Gabinete Municipal, Juan Manuel Chalabe, se refiri\u00f3 a la pol\u00edtica de recuperaci\u00f3n de los espacios p\u00fablicos que impulsa la actual gesti\u00f3n y remarc\u00f3 que el objetivo central es que vuelvan a ser lugares de encuentro para las familias. \u201cNo s\u00f3lo se trata de dejarlos bonitos. Tambi\u00e9n tiene que ver con que la gente se sienta segura y pueda ir en familia, llevar a sus chicos a que jueguen al f\u00fatbol\u201d, expres\u00f3 en una entrevista radial.<\/p>\n<p>En ese marco, reconoci\u00f3 que el uso del espacio p\u00fablico est\u00e1 atravesado por la compleja situaci\u00f3n social y laboral que se vive a nivel nacional. \u201cSiempre hay una tensi\u00f3n que tiene que ver con la utilizaci\u00f3n de los espacios p\u00fablicos\u201d, afirm\u00f3, y explic\u00f3 que el intendente decidi\u00f3 abrir el debate al reconocer que el principal reclamo de los vecinos hoy es el trabajo. \u201cHay una demanda impresionante, pero ah\u00ed tambi\u00e9n entramos en una tensi\u00f3n constante por el uso del espacio p\u00fablico\u201d, sostuvo.<\/p>\n<p><img loading=\"lazy\" decoding=\"async\" class=\"aligncenter size-full wp-image-12704\" src=\"https:\/\/muycritico.com.ar\/web\/wp-content\/uploads\/2026\/01\/chalabe2.jpg\" alt=\"\" width=\"495\" height=\"619\" \/><\/p>\n<p>Chalabe subray\u00f3 que el desaf\u00edo de la gesti\u00f3n es encontrar un punto de equilibrio. \u201cNo podemos hacernos los distra\u00eddos con la falta de trabajo, pero tambi\u00e9n debemos ser respetuosos con el uso de los espacios p\u00fablicos\u201d, se\u00f1al\u00f3.<\/p>\n<p>En ese sentido, cuestion\u00f3 decisiones de gestiones anteriores y plante\u00f3 una mirada m\u00e1s cercana a la realidad de los barrios: \u201cSe hicieron cosas creyendo que se pod\u00edan copiar modelos de otras ciudades del mundo, como la ciclov\u00eda de Solidaridad, donde a pocos metros no ten\u00e9s pavimento ni iluminaci\u00f3n. Se trata de prioridades, de entender el uso que le da la gente a los espacios y de hacerle un poquito mejor la vida a la gente\u201d.<\/p>\n","protected":false},"excerpt":{"rendered":"<p>El Jefe de Gabinete municipal, Juan Manuel Chalabe, explic\u00f3 la visi\u00f3n del municipio sobre la recuperaci\u00f3n de plazas y espacios comunes. Reconoci\u00f3 adem\u00e1s la tensi\u00f3n existente entre la falta de trabajo y el respeto por el uso de los espacios p\u00fablicos.<\/p>\n","protected":false},"author":2,"featured_media":12703,"comment_status":"open","ping_status":"closed","sticky":false,"template":"","format":"standard","meta":{"footnotes":""},"categories":[6],"tags":[],"class_list":["post-12702","post","type-post","status-publish","format-standard","has-post-thumbnail","hentry","category-notas"],"_links":{"self":[{"href":"https:\/\/muycritico.com.ar\/web\/index.php?rest_route=\/wp\/v2\/posts\/12702","targetHints":{"allow":["GET"]}}],"collection":[{"href":"https:\/\/muycritico.com.ar\/web\/index.php?rest_route=\/wp\/v2\/posts"}],"about":[{"href":"https:\/\/muycritico.com.ar\/web\/index.php?rest_route=\/wp\/v2\/types\/post"}],"author":[{"embeddable":true,"href":"https:\/\/muycritico.com.ar\/web\/index.php?rest_route=\/wp\/v2\/users\/2"}],"replies":[{"embeddable":true,"href":"https:\/\/muycritico.com.ar\/web\/index.php?rest_route=%2Fwp%2Fv2%2Fcomments&post=12702"}],"version-history":[{"count":1,"href":"https:\/\/muycritico.com.ar\/web\/index.php?rest_route=\/wp\/v2\/posts\/12702\/revisions"}],"predecessor-version":[{"id":12705,"href":"https:\/\/muycritico.com.ar\/web\/index.php?rest_route=\/wp\/v2\/posts\/12702\/revisions\/12705"}],"wp:featuredmedia":[{"embeddable":true,"href":"https:\/\/muycritico.com.ar\/web\/index.php?rest_route=\/wp\/v2\/media\/12703"}],"wp:attachment":[{"href":"https:\/\/muycritico.com.ar\/web\/index.php?rest_route=%2Fwp%2Fv2%2Fmedia&parent=12702"}],"wp:term":[{"taxonomy":"category","embeddable":true,"href":"https:\/\/muycritico.com.ar\/web\/index.php?rest_route=%2Fwp%2Fv2%2Fcategories&post=12702"},{"taxonomy":"post_tag","embeddable":true,"href":"https:\/\/muycritico.com.ar\/web\/index.php?rest_route=%2Fwp%2Fv2%2Ftags&post=12702"}],"curies":[{"name":"wp","href":"https:\/\/api.w.org\/{rel}","templated":true}]}}