{"id":12695,"date":"2026-01-27T20:02:40","date_gmt":"2026-01-27T23:02:40","guid":{"rendered":"https:\/\/muycritico.com.ar\/web\/?p=12695"},"modified":"2026-01-27T20:02:40","modified_gmt":"2026-01-27T23:02:40","slug":"el-mpfs-recurre-a-la-corte-para-que-se-revise-el-fallo-que-redujo-la-condena-de-patricia-arganaraz-y-otros-involucrados-en-maniobras-fraudulentas-en-la-adp","status":"publish","type":"post","link":"https:\/\/muycritico.com.ar\/web\/?p=12695","title":{"rendered":"EL MPFS RECURRE A LA CORTE PARA QUE SE REVISE EL FALLO QUE REDUJO LA CONDENA DE PATRICIA ARGA\u00d1ARAZ Y OTROS INVOLUCRADOS EN MANIOBRAS FRAUDULENTAS EN LA ADP"},"content":{"rendered":"<p><strong>En noviembre de 2024, Patricia del Valle Arga\u00f1araz, exsecretaria general de la Asociaci\u00f3n Docente Provincial (ADP), y Ana Mar\u00eda Cerezo, tesorera, fueron condenadas a seis a\u00f1os de prisi\u00f3n de cumplimiento efectivo. En tanto, Ra\u00fal Dante Arga\u00f1araz y Nicol\u00e1s Demetrio Zissi fueron condenados a tres a\u00f1os de prisi\u00f3n de ejecuci\u00f3n condicional.<\/strong><\/p>\n<p><!--more--><\/p>\n<p>El Fiscal de Impugnaci\u00f3n interino en feria, Daniel Espiloc\u00edn, interpuso ante la Corte de Justicia de Salta, con fecha 21 de enero de 2026, un Recurso de Queja, a fin de que deje sin efecto la Sentencia de la Sala IV del Tribunal de Impugnaci\u00f3n, que deneg\u00f3 el Recurso de Inconstitucionalidad oportunamente presentado por la titular de la Fiscal\u00eda de Impugnaci\u00f3n, M\u00f3nica Poma, contra la decisi\u00f3n de ese mismo Tribunal que redujo las condenas a los ex integrantes de la Agremiaci\u00f3n Docente Provincial.<\/p>\n<p>En fecha 25 de noviembre de 2024. el Tribunal de Juicio Sala VI, a pedido de la Fiscal\u00eda de Delitos Econ\u00f3micos representada por la fiscal penal Ana In\u00e9s Salinas Odorisio, conden\u00f3 a Patricia del Valle Arga\u00f1araz y a Ana Mar\u00eda Cerezo a la pena de seis a\u00f1os de prisi\u00f3n de ejecuci\u00f3n efectiva, por resultar penalmente responsables de los delitos de administraci\u00f3n fraudulenta y estafas reiteradas (26 hechos), todo en concurso real, en car\u00e1cter de coautoras. Asimismo conden\u00f3 a Ra\u00fal Dante Arga\u00f1araz y Nicol\u00e1s Demetrio Zissi a la pena de tres a\u00f1os de prisi\u00f3n de ejecuci\u00f3n condicional, por resultar responsables de los delitos de administraci\u00f3n fraudulenta, en car\u00e1cter de part\u00edcipes necesarios, y de estafas reiteradas, en car\u00e1cter de coautores.<\/p>\n<p>Tras los recursos interpuestos por las defensas de los imputados, que solicitaban su absoluci\u00f3n, la Sala IV del Tribunal de Impugnaci\u00f3n los rechaz\u00f3, aunque entendi\u00f3 que los veintis\u00e9is hechos de estafa atribuidos constituyen un \u00fanico hecho de estafa continuada, el cual concurre realmente con el delito de administraci\u00f3n fraudulenta, todo ello en los t\u00e9rminos del art. 55 del C\u00f3digo Penal. En consecuencia, fij\u00f3 la pena de tres a\u00f1os y seis meses de prisi\u00f3n de cumplimiento efectivo, para Patricia del Valle Arga\u00f1araz y Ana Mar\u00eda Cerezo; la pena de un a\u00f1o y seis meses de prisi\u00f3n de ejecuci\u00f3n condicional para Ra\u00fal Dante Arga\u00f1araz; y la pena de un a\u00f1o y seis meses de prisi\u00f3n de ejecuci\u00f3n condicional para Nicol\u00e1s Demetrio Zissi.<\/p>\n<p>El Ministerio P\u00fablico Fiscal entiende que al reducir la pena impuesta a los imputados, el Tribunal de Impugnaci\u00f3n realiz\u00f3 una err\u00f3nea y arbitraria aplicaci\u00f3n de la ley, al no considerar que fueron 26 familias afectadas por las conductas delictivas de los imputados, llevadas a cabo mediante diferentes maniobras de captaci\u00f3n de recursos.<\/p>\n<p>La Fiscal\u00eda solicita que la Corte declare mal denegado el Recurso de Inconstitucionalidad interpuesto por la fiscal penal M\u00f3nica Poma y que, en funci\u00f3n de los fundamentos expuestos en el mismo, revoque la sentencia del Tribunal de Impugnaci\u00f3n que redujo las penas impuestas a los imputados, manteniendo las que le fueron establecidas por el Tribunal de Juicio.<\/p>\n","protected":false},"excerpt":{"rendered":"<p>En noviembre de 2024, Patricia del Valle Arga\u00f1araz, exsecretaria general de la Asociaci\u00f3n Docente Provincial (ADP), y Ana Mar\u00eda Cerezo, tesorera, fueron condenadas a seis a\u00f1os de prisi\u00f3n de cumplimiento efectivo. En tanto, Ra\u00fal Dante Arga\u00f1araz y Nicol\u00e1s Demetrio Zissi fueron condenados a tres a\u00f1os de prisi\u00f3n de ejecuci\u00f3n condicional.<\/p>\n","protected":false},"author":2,"featured_media":12696,"comment_status":"open","ping_status":"closed","sticky":false,"template":"","format":"standard","meta":{"footnotes":""},"categories":[6],"tags":[],"class_list":["post-12695","post","type-post","status-publish","format-standard","has-post-thumbnail","hentry","category-notas"],"_links":{"self":[{"href":"https:\/\/muycritico.com.ar\/web\/index.php?rest_route=\/wp\/v2\/posts\/12695","targetHints":{"allow":["GET"]}}],"collection":[{"href":"https:\/\/muycritico.com.ar\/web\/index.php?rest_route=\/wp\/v2\/posts"}],"about":[{"href":"https:\/\/muycritico.com.ar\/web\/index.php?rest_route=\/wp\/v2\/types\/post"}],"author":[{"embeddable":true,"href":"https:\/\/muycritico.com.ar\/web\/index.php?rest_route=\/wp\/v2\/users\/2"}],"replies":[{"embeddable":true,"href":"https:\/\/muycritico.com.ar\/web\/index.php?rest_route=%2Fwp%2Fv2%2Fcomments&post=12695"}],"version-history":[{"count":1,"href":"https:\/\/muycritico.com.ar\/web\/index.php?rest_route=\/wp\/v2\/posts\/12695\/revisions"}],"predecessor-version":[{"id":12697,"href":"https:\/\/muycritico.com.ar\/web\/index.php?rest_route=\/wp\/v2\/posts\/12695\/revisions\/12697"}],"wp:featuredmedia":[{"embeddable":true,"href":"https:\/\/muycritico.com.ar\/web\/index.php?rest_route=\/wp\/v2\/media\/12696"}],"wp:attachment":[{"href":"https:\/\/muycritico.com.ar\/web\/index.php?rest_route=%2Fwp%2Fv2%2Fmedia&parent=12695"}],"wp:term":[{"taxonomy":"category","embeddable":true,"href":"https:\/\/muycritico.com.ar\/web\/index.php?rest_route=%2Fwp%2Fv2%2Fcategories&post=12695"},{"taxonomy":"post_tag","embeddable":true,"href":"https:\/\/muycritico.com.ar\/web\/index.php?rest_route=%2Fwp%2Fv2%2Ftags&post=12695"}],"curies":[{"name":"wp","href":"https:\/\/api.w.org\/{rel}","templated":true}]}}