{"id":12687,"date":"2026-01-27T19:03:10","date_gmt":"2026-01-27T22:03:10","guid":{"rendered":"https:\/\/muycritico.com.ar\/web\/?p=12687"},"modified":"2026-01-28T10:53:37","modified_gmt":"2026-01-28T13:53:37","slug":"jimena-salas-el-crimen-resuelto-que-nadie-quiere-aceptar","status":"publish","type":"post","link":"https:\/\/muycritico.com.ar\/web\/?p=12687","title":{"rendered":"JIMENA SALAS: EL CRIMEN RESUELTO QUE NADIE QUIERE ACEPTAR"},"content":{"rendered":"<p><strong>Se est\u00e1n cumpliendo nueve a\u00f1os desde aquel sangriento d\u00eda en que el se\u00f1or Nicol\u00e1s Cajal entr\u00f3 a su casa a las 13:30 y encontr\u00f3 a su pareja sobre un charco de sangre con 45 pu\u00f1aladas. Pasaron dos juicios con cuatro acusados que fueron sobrese\u00eddos. Sin embargo la Justicia de Salta determin\u00f3 que el autor de la masacre es Javier Saavedra, basados en una cantidad abrumadora de pruebas, entre ellas la sangre del autor en la escena del crimen. No lo dice esta redacci\u00f3n, lo dictamin\u00f3 la Justicia. A pesar de eso gran parte de la sociedad salte\u00f1a y parte de la Prensa local no acepta lo resuelto por el Poder Judicial<\/strong>.<\/p>\n<p><!--more--><\/p>\n<p>Lamentablemente para el Poder Judicial de Salta la sociedad no le cree. La Justicia ha perdido toda su credibilidad como instituci\u00f3n y eso, con los a\u00f1os se ha convertido en un estigma. Pero \u00bfc\u00f3mo se llega a un estado de descreimiento tal que sea el fallo que fuere, que los jueces dictaminen, queda un halo de duda enfermizo en la poblaci\u00f3n?<\/p>\n<p>\u00bfQu\u00e9 pas\u00f3 con la credibilidad de las instituciones que un caso emblem\u00e1tico como este donde la autor\u00eda qued\u00f3 largamente probada, sectores de la Prensa y parte de la sociedad dudan de que sea confiable el fallo?<\/p>\n<p>Existen razones y quiz\u00e1s la de m\u00e1s peso sea el papel\u00f3n que hicieron desde el Poder Judicial con el juez <strong>Martin P\u00e9rez<\/strong> a la cabeza de una investigaci\u00f3n nefasta y la brutal <strong>Brigada de Investigaciones<\/strong> que operaba el mejor estilo dictadura, cuando violaron y asesinaron brutalmente a <strong>Cassandre Bouvier y Houria Moumni<\/strong> en 2011. Despu\u00e9s de aquel juicio donde dos de los tres imputados fueron absueltos y sobre todo tras una etapa de instrucci\u00f3n atravesada por los apremios ilegales y las torturas, nada volvi\u00f3 a ser lo mismo.<\/p>\n<p><strong>Santos Clemente Vera<\/strong> estuvo privado de la libertad desde 2011 a 2014 durante la investigaci\u00f3n penal preparatoria y hasta la tramitaci\u00f3n del juicio y luego, desde 2016 a 2023 por la condena del Tribunal de Impugnaci\u00f3n a perpetua, pero sin sentencia firme. Finalmente fue sobrese\u00eddo cuando la Corte Suprema de Justicia de la Naci\u00f3n posibilit\u00f3 su libertad, al hacer lugar un recurso extraordinario que hab\u00eda presentado en 2016 la defensa ejercida por el abogado Manuel Garrido, presidente de la ONG Innocence Project Argentina, con la asistencia de Jos\u00e9 Humberto Vargas, defensor de Vera en el fuero provincial, y el codefensor Roberto Reyes.<\/p>\n<p>El caso de Vera no fue el \u00fanico \u201cerror\u201d que cometi\u00f3 la justicia de Salta. Despu\u00e9s del crimen de Jimena Salas en 2017 vendr\u00edan dos acusaciones que ralentizaron el caso hasta convertirlo en una usina de descreimiento total, tras llevar a juicio al vendedor ambulante <strong>Sergio Vargas<\/strong> y al viudo de la v\u00edctima, <strong>Nicol\u00e1s Cajal<\/strong>, tras un capricho de la fiscal\u00eda de entonces, este juicio termin\u00f3 de cocinar a fuego lento un descredito de la justicia, del que hasta el d\u00eda de hoy no se ha podido recuperar.<\/p>\n<p><strong>\u201cLa muerte abuena\u201d<\/strong><\/p>\n<p>Aunque todav\u00eda faltaba un adherente m\u00e1s para que todo se volviera una parodia del terror. Tras la captura de <strong>Javier Saavedra<\/strong> y el hecho de que su sangre estaba regada por toda la escena del crimen desde 2017, CUANDO AUN NI ESTABA EN EL RADAR DE LA POLICIA, fue capturado en Santa Victoria Este; ocurri\u00f3 algo que cambiar\u00eda las reglas de esta historia y convertir\u00eda todo en un relato.<\/p>\n<p>Alguna vez un reconocido periodista dijo una frase que para esta ocasi\u00f3n es muy oportuna: <strong>\u201cLa muerte abuena\u201d<\/strong>. A solo 12 horas de comenzar el juicio en el que Javier Saavedra tendr\u00eda que responder como era posible que su novia hab\u00eda reconocido que la perra de la foto tomada unos minutos antes por la v\u00edctima era la suya; que Javier Saavedra hab\u00eda hecho cientos de b\u00fasquedas del crimen en internet; que se hab\u00eda suscripto al grupo de Facebook \u201cJusticia por Jimena Salas\u201d; y sobre todo que su material gen\u00e9tico y su sangre estaban regados por toda la casa de Vaqueros, donde ser\u00eda un hecho absolutamente imposible de \u201cplantar\u201d su ADN en goteos y goteos de sangre, que ya estaban en los laboratorios del CIF desde 2017, cuando \u00e9l no exist\u00eda en los radares de la polic\u00eda.<\/p>\n<p>Desafortunadamente los iluminados de la <strong>Oficina Judicial<\/strong> le permitieron contar con una hoja de Gillette con la que se quit\u00f3 la vida y ganarse as\u00ed su sobreseimiento por extinci\u00f3n de la acci\u00f3n penal.<\/p>\n<p>Con esto la noci\u00f3n de \u201cJusticia\u201d se ha perdido por completo ya que el sagrado mandato de nuestras leyes y las reglas con las que la sociedad ha decidido convivir dictan que \u201cnadie es culpable hasta que se pruebe lo contrario\u201d.<\/p>\n<p>Entonces, aunque el Poder Judicial tras el segundo juicio en el que fueron sobrese\u00eddos por el beneficio de la duda los hermanos Saavedra; y que concluy\u00f3 que <strong>la responsabilidad del crimen fue de Javier Saavedra<\/strong>, el relato de que \u201ctodos son perejiles\u201d porque la justicia de Salta esta atiborrada de in\u00fatiles y corruptos, es la que m\u00e1s seduce a una sociedad que eligi\u00f3 no creer.<\/p>\n","protected":false},"excerpt":{"rendered":"<p>Se est\u00e1n cumpliendo nueve a\u00f1os desde aquel sangriento d\u00eda en que el se\u00f1or Nicol\u00e1s Cajal entr\u00f3 a su casa a las 13:30 y encontr\u00f3 a su pareja sobre un charco de sangre con 45 pu\u00f1aladas. Pasaron dos juicios con cuatro acusados que fueron sobrese\u00eddos. Sin embargo la Justicia de Salta determin\u00f3 que el autor de [&hellip;]<\/p>\n","protected":false},"author":2,"featured_media":4195,"comment_status":"open","ping_status":"closed","sticky":false,"template":"","format":"standard","meta":{"footnotes":""},"categories":[3],"tags":[],"class_list":["post-12687","post","type-post","status-publish","format-standard","has-post-thumbnail","hentry","category-editorial"],"_links":{"self":[{"href":"https:\/\/muycritico.com.ar\/web\/index.php?rest_route=\/wp\/v2\/posts\/12687","targetHints":{"allow":["GET"]}}],"collection":[{"href":"https:\/\/muycritico.com.ar\/web\/index.php?rest_route=\/wp\/v2\/posts"}],"about":[{"href":"https:\/\/muycritico.com.ar\/web\/index.php?rest_route=\/wp\/v2\/types\/post"}],"author":[{"embeddable":true,"href":"https:\/\/muycritico.com.ar\/web\/index.php?rest_route=\/wp\/v2\/users\/2"}],"replies":[{"embeddable":true,"href":"https:\/\/muycritico.com.ar\/web\/index.php?rest_route=%2Fwp%2Fv2%2Fcomments&post=12687"}],"version-history":[{"count":4,"href":"https:\/\/muycritico.com.ar\/web\/index.php?rest_route=\/wp\/v2\/posts\/12687\/revisions"}],"predecessor-version":[{"id":12716,"href":"https:\/\/muycritico.com.ar\/web\/index.php?rest_route=\/wp\/v2\/posts\/12687\/revisions\/12716"}],"wp:featuredmedia":[{"embeddable":true,"href":"https:\/\/muycritico.com.ar\/web\/index.php?rest_route=\/wp\/v2\/media\/4195"}],"wp:attachment":[{"href":"https:\/\/muycritico.com.ar\/web\/index.php?rest_route=%2Fwp%2Fv2%2Fmedia&parent=12687"}],"wp:term":[{"taxonomy":"category","embeddable":true,"href":"https:\/\/muycritico.com.ar\/web\/index.php?rest_route=%2Fwp%2Fv2%2Fcategories&post=12687"},{"taxonomy":"post_tag","embeddable":true,"href":"https:\/\/muycritico.com.ar\/web\/index.php?rest_route=%2Fwp%2Fv2%2Ftags&post=12687"}],"curies":[{"name":"wp","href":"https:\/\/api.w.org\/{rel}","templated":true}]}}