{"id":12684,"date":"2026-01-27T12:21:55","date_gmt":"2026-01-27T15:21:55","guid":{"rendered":"https:\/\/muycritico.com.ar\/web\/?p=12684"},"modified":"2026-01-27T12:21:55","modified_gmt":"2026-01-27T15:21:55","slug":"los-10k-de-la-maraton-new-balance-seran-parte-del-campeonato-nacional-de-ruta","status":"publish","type":"post","link":"https:\/\/muycritico.com.ar\/web\/?p=12684","title":{"rendered":"LOS 10K DE LA MARAT\u00d3N NEW BALANCE SER\u00c1N PARTE DEL CAMPEONATO NACIONAL DE RUTA"},"content":{"rendered":"<p><strong>La 3era edici\u00f3n de esta modalidad pasar\u00e1 a formar parte del torneo nacional organizado por la Confederaci\u00f3n Argentina de Atletismo, que contar\u00e1 con distintas fechas y sedes. El intendente Emiliano Durand particip\u00f3 de la conferencia junto a autoridades municipales y del atletismo.<\/strong><\/p>\n<p><!--more--><\/p>\n<p>Los 10k de la Medio Marat\u00f3n New Balance Salta sumaron otro atractivo m\u00e1s. Ahora ser\u00e1n parte del Campeonato Nacional de Ruta, tambi\u00e9n de esa distancia. En la ciudad se llevar\u00e1 a cabo la segunda fecha.<\/p>\n<p>La tercera edici\u00f3n de la media marat\u00f3n pasar\u00e1 a formar parte del torneo nacional organizado por la Confederaci\u00f3n Argentina de Atletismo (CADA), para deportistas federados, que contar\u00e1 con distintas fechas y sedes a lo largo del pa\u00eds.<\/p>\n<p>En la conferencia de presentaci\u00f3n estuvo presente el intendente, Emiliano Durand, junto a autoridades municipales y del atletismo, adem\u00e1s de los deportistas salte\u00f1os Esteban Angulo, Amalia Zambrano y Sebasti\u00e1n Salas, quienes formar\u00e1n parte de la competencia.<\/p>\n<p>\u201cInvitamos a todos, aunque no sean atletas de \u00e9lite a inscribirse para la Marat\u00f3n New Balance que se llevar\u00e1 a cabo el domingo 29 de marzo en la ciudad. Buscamos que todos se sumen, se superen y pasen un gran momento \u201c, dijo Emiliano Durand.<\/p>\n<p>Por su parte, Ezequiel Barraguirre, presidente de la Agencia Salta Deportes, expres\u00f3 que es muy importante que el campeonato nacional llegue a la ciudad, acrecentando as\u00ed el atletismo de ruta, algo que va tomando fuerzas significativamente. Adem\u00e1s de esto, recalc\u00f3 que el Marat\u00f3n New Balance es una gran oportunidad para todos y que se espera una muy buena convocatoria.<\/p>\n<p>Mientras que Daniel Sotto, presidente de la Confederaci\u00f3n Argentina de Atletismo (CADA), quien estuvo presente de forma virtual, sostuvo que Salta es un fant\u00e1stico destino para el campeonato y que ser\u00e1 sede en el norte argentino. Tambi\u00e9n agradeci\u00f3 a la Municipalidad por el trabajo realizado en conjunto.<\/p>\n<p>\u00abEs muy lindo representar a la ciudad y correr en ella. Esperamos con ansias este momento y sin dudas buscaremos brindar una buena performance\u00bb, dijo el atleta Esteban Angulo, palabras que acompa\u00f1\u00f3 la deportista Amalia Zambrano, quien adem\u00e1s expres\u00f3 su felicidad por formar parte de tan grande evento.<\/p>\n<p>Esta competencia es de car\u00e1cter anual y reunir\u00e1 a los mejores fondistas del pa\u00eds a lo largo de distintas etapas disputadas en circuitos certificados.<\/p>\n<p>El torneo est\u00e1 reservado para atletas mayores de 18 a\u00f1os, de ambos sexos, que cuenten con licencia CADA vigente.<\/p>\n<p>Cada Federaci\u00f3n Provincial podr\u00e1 inscribir hasta 12 atletas mujeres y 12 atletas varones por carrera, pudiendo modificar su integraci\u00f3n en cada etapa sin superar ese l\u00edmite.<\/p>\n<p>El Nacional se disputar\u00e1 mediante la acumulaci\u00f3n de puntos obtenidos en distintas carreras de 10 km en ruta, con inicio en marzo y cierre no m\u00e1s all\u00e1 de noviembre de 2026.<\/p>\n<p>Cabe destacar que el Marat\u00f3n New Balance sigue siendo abierto para todo p\u00fablico, tanto en la modalidad 10k como en los 21k y que lo citado anteriormente es exclusivo para atletas federados interesados en participar en el Campeonato Nacional de Ruta 10k.<\/p>\n<p>Esto quiere decir que el Marat\u00f3n se realizar\u00e1 de la misma manera que la edici\u00f3n anterior y que se espera contar con 4 mil participantes. No te quedes afuera y anotate a trav\u00e9s del siguiente link: https:\/\/www.newbalance.com.ar\/t\/race-series-salta-01.html<\/p>\n","protected":false},"excerpt":{"rendered":"<p>La 3era edici\u00f3n de esta modalidad pasar\u00e1 a formar parte del torneo nacional organizado por la Confederaci\u00f3n Argentina de Atletismo, que contar\u00e1 con distintas fechas y sedes. El intendente Emiliano Durand particip\u00f3 de la conferencia junto a autoridades municipales y del atletismo.<\/p>\n","protected":false},"author":2,"featured_media":12685,"comment_status":"open","ping_status":"closed","sticky":false,"template":"","format":"standard","meta":{"footnotes":""},"categories":[6],"tags":[],"class_list":["post-12684","post","type-post","status-publish","format-standard","has-post-thumbnail","hentry","category-notas"],"_links":{"self":[{"href":"https:\/\/muycritico.com.ar\/web\/index.php?rest_route=\/wp\/v2\/posts\/12684","targetHints":{"allow":["GET"]}}],"collection":[{"href":"https:\/\/muycritico.com.ar\/web\/index.php?rest_route=\/wp\/v2\/posts"}],"about":[{"href":"https:\/\/muycritico.com.ar\/web\/index.php?rest_route=\/wp\/v2\/types\/post"}],"author":[{"embeddable":true,"href":"https:\/\/muycritico.com.ar\/web\/index.php?rest_route=\/wp\/v2\/users\/2"}],"replies":[{"embeddable":true,"href":"https:\/\/muycritico.com.ar\/web\/index.php?rest_route=%2Fwp%2Fv2%2Fcomments&post=12684"}],"version-history":[{"count":1,"href":"https:\/\/muycritico.com.ar\/web\/index.php?rest_route=\/wp\/v2\/posts\/12684\/revisions"}],"predecessor-version":[{"id":12686,"href":"https:\/\/muycritico.com.ar\/web\/index.php?rest_route=\/wp\/v2\/posts\/12684\/revisions\/12686"}],"wp:featuredmedia":[{"embeddable":true,"href":"https:\/\/muycritico.com.ar\/web\/index.php?rest_route=\/wp\/v2\/media\/12685"}],"wp:attachment":[{"href":"https:\/\/muycritico.com.ar\/web\/index.php?rest_route=%2Fwp%2Fv2%2Fmedia&parent=12684"}],"wp:term":[{"taxonomy":"category","embeddable":true,"href":"https:\/\/muycritico.com.ar\/web\/index.php?rest_route=%2Fwp%2Fv2%2Fcategories&post=12684"},{"taxonomy":"post_tag","embeddable":true,"href":"https:\/\/muycritico.com.ar\/web\/index.php?rest_route=%2Fwp%2Fv2%2Ftags&post=12684"}],"curies":[{"name":"wp","href":"https:\/\/api.w.org\/{rel}","templated":true}]}}