{"id":12681,"date":"2026-01-27T11:46:41","date_gmt":"2026-01-27T14:46:41","guid":{"rendered":"https:\/\/muycritico.com.ar\/web\/?p=12681"},"modified":"2026-01-27T11:46:41","modified_gmt":"2026-01-27T14:46:41","slug":"tenemos-una-empresa-parasito-que-no-invierte-y-cobra-igual","status":"publish","type":"post","link":"https:\/\/muycritico.com.ar\/web\/?p=12681","title":{"rendered":"\u201cTENEMOS UNA EMPRESA PAR\u00c1SITO QUE NO INVIERTE Y COBRA IGUAL\u201d"},"content":{"rendered":"<p><strong>Lo dijo Carlos Saravia durante una entrevista en EL 10. El titular del Ente carg\u00f3 contra TRANSOA y apunt\u00f3 contra la Naci\u00f3n. \u201cEso pasa porque no hay un plan de contingencia. No tienen gr\u00faas, no tienen cuadrillas propias y terminan pidiendo prestado el equipamiento\u201d, denunci\u00f3, al tiempo que responsabiliz\u00f3 al sistema de transporte por los cortes de luz en Salta y cuestion\u00f3 la falta de controles.<\/strong><\/p>\n<p><!--more--><\/p>\n<p>Carlos Saravia, presidente del Ente Regulador de los Servicios P\u00fablicos, afirm\u00f3 que gran parte de los cortes de energ\u00eda que afectan a Salta no se originan en la distribuci\u00f3n sino en el sistema de transporte el\u00e9ctrico. \u201cCuando se privatiza el sistema el\u00e9ctrico argentino se separa generaci\u00f3n, transporte y distribuci\u00f3n. En Salta, muchos de los problemas se generan en transporte\u201d, explic\u00f3 durante una entrevista en el programa N10.<\/p>\n<p>En ese marco, apunt\u00f3 directamente contra Trasnoa, la empresa responsable del transporte de energ\u00eda en la regi\u00f3n. \u201cYo sigo calificando a Trasnoa como una empresa par\u00e1sito: cobra, no invierte y no presta el servicio como corresponde\u201d, sostuvo, al tiempo que remarc\u00f3 que la firma no tiene oficinas en Salta, ni 0800, ni una p\u00e1gina web operativa para recibir reclamos.<\/p>\n<p>Saravia detall\u00f3 que uno de los \u00faltimos cortes se produjo tras la ca\u00edda de una torre por el crecimiento de un r\u00edo, situaci\u00f3n que atribuy\u00f3 a la falta de mantenimiento. \u201cEso pasa porque no hay un plan de contingencia. No tienen gr\u00faas, no tienen cuadrillas propias y terminan pidiendo prestado el equipamiento\u201d, denunci\u00f3.<\/p>\n<p>Tambi\u00e9n relat\u00f3 fallas graves en el corredor el\u00e9ctrico entre Jujuy y Salta. \u201cMandaron un solo operario en una camioneta que tard\u00f3 m\u00e1s de tres horas en recorrer 50 kil\u00f3metros. La incidencia total fue de cinco horas y media sin luz, con p\u00e9rdidas de alimentos, medicamentos y cadena de fr\u00edo\u201d, se\u00f1al\u00f3. Al d\u00eda siguiente, agreg\u00f3, se repiti\u00f3 otro corte de varias horas en la misma zona.<\/p>\n<p>El titular del Ente record\u00f3 que ya se presentaron denuncias penales contra la empresa. \u201cTuvimos un transformador que deb\u00eda durar 25 a\u00f1os y dur\u00f3 ocho, sin chapa identificatoria. Son cosas que ya rozan lo delictivo\u201d, afirm\u00f3, y lament\u00f3 que en m\u00e1s de 30 a\u00f1os Trasnoa no haya recibido sanciones efectivas por los perjuicios ocasionados en Salta.<\/p>\n<p>En otro tramo de la entrevista, Saravia se refiri\u00f3 al nuevo esquema de subsidios energ\u00e9ticos y advirti\u00f3 que dejar\u00e1 afuera a miles de usuarios. \u201cSe pas\u00f3 de tres segmentos a dos y con un tope m\u00e1s bajo. Eso va a sacar a unas 10.000 personas del sistema subsidiado, la mayor\u00eda de clase media\u201d, explic\u00f3, y remarc\u00f3 que el impacto es mayor en las provincias del norte por el alto consumo en zonas c\u00e1lidas.<\/p>\n<p>Adem\u00e1s, destac\u00f3 que la Provincia sostiene con fondos propios parte del alivio tarifario. \u201cSalta va a destinar unos 10.000 millones de pesos para subsidiar a m\u00e1s de 106.000 familias. Eso lo pone la Provincia, no la Naci\u00f3n\u201d, subray\u00f3, y volvi\u00f3 a reclamar una tarifa diferencial por zona c\u00e1lida, similar a la que existe en la Patagonia por zona fr\u00eda.<\/p>\n<p>Por \u00faltimo, Saravia cuestion\u00f3 duramente al Gobierno nacional y a los legisladores. En ese contexto, apunt\u00f3 contra la diputada nacional de La Libertad Avanza, Eliana Bruno. \u201cLa escuch\u00e9 decir que nosotros controlamos a la Naci\u00f3n. Eso fue un acto de ignorancia importante, o una forma de ocultar la responsabilidad del Gobierno nacional\u201d, dispar\u00f3. Y concluy\u00f3: \u201cNaci\u00f3n elimin\u00f3 fondos, subi\u00f3 el precio de la energ\u00eda y no controla. Y los legisladores no piden informes ni exigen explicaciones. As\u00ed, el sistema sigue degrad\u00e1ndose y nadie se hace cargo\u201d.<\/p>\n","protected":false},"excerpt":{"rendered":"<p>Lo dijo Carlos Saravia durante una entrevista en EL 10. El titular del Ente carg\u00f3 contra TRANSOA y apunt\u00f3 contra la Naci\u00f3n. \u201cEso pasa porque no hay un plan de contingencia. No tienen gr\u00faas, no tienen cuadrillas propias y terminan pidiendo prestado el equipamiento\u201d, denunci\u00f3, al tiempo que responsabiliz\u00f3 al sistema de transporte por los [&hellip;]<\/p>\n","protected":false},"author":2,"featured_media":12682,"comment_status":"open","ping_status":"closed","sticky":false,"template":"","format":"standard","meta":{"footnotes":""},"categories":[6],"tags":[],"class_list":["post-12681","post","type-post","status-publish","format-standard","has-post-thumbnail","hentry","category-notas"],"_links":{"self":[{"href":"https:\/\/muycritico.com.ar\/web\/index.php?rest_route=\/wp\/v2\/posts\/12681","targetHints":{"allow":["GET"]}}],"collection":[{"href":"https:\/\/muycritico.com.ar\/web\/index.php?rest_route=\/wp\/v2\/posts"}],"about":[{"href":"https:\/\/muycritico.com.ar\/web\/index.php?rest_route=\/wp\/v2\/types\/post"}],"author":[{"embeddable":true,"href":"https:\/\/muycritico.com.ar\/web\/index.php?rest_route=\/wp\/v2\/users\/2"}],"replies":[{"embeddable":true,"href":"https:\/\/muycritico.com.ar\/web\/index.php?rest_route=%2Fwp%2Fv2%2Fcomments&post=12681"}],"version-history":[{"count":1,"href":"https:\/\/muycritico.com.ar\/web\/index.php?rest_route=\/wp\/v2\/posts\/12681\/revisions"}],"predecessor-version":[{"id":12683,"href":"https:\/\/muycritico.com.ar\/web\/index.php?rest_route=\/wp\/v2\/posts\/12681\/revisions\/12683"}],"wp:featuredmedia":[{"embeddable":true,"href":"https:\/\/muycritico.com.ar\/web\/index.php?rest_route=\/wp\/v2\/media\/12682"}],"wp:attachment":[{"href":"https:\/\/muycritico.com.ar\/web\/index.php?rest_route=%2Fwp%2Fv2%2Fmedia&parent=12681"}],"wp:term":[{"taxonomy":"category","embeddable":true,"href":"https:\/\/muycritico.com.ar\/web\/index.php?rest_route=%2Fwp%2Fv2%2Fcategories&post=12681"},{"taxonomy":"post_tag","embeddable":true,"href":"https:\/\/muycritico.com.ar\/web\/index.php?rest_route=%2Fwp%2Fv2%2Ftags&post=12681"}],"curies":[{"name":"wp","href":"https:\/\/api.w.org\/{rel}","templated":true}]}}