{"id":12675,"date":"2026-01-26T21:26:02","date_gmt":"2026-01-27T00:26:02","guid":{"rendered":"https:\/\/muycritico.com.ar\/web\/?p=12675"},"modified":"2026-01-26T21:26:02","modified_gmt":"2026-01-27T00:26:02","slug":"el-municipio-retiro-un-basural-que-afectaba-a-vecinos-del-centro","status":"publish","type":"post","link":"https:\/\/muycritico.com.ar\/web\/?p=12675","title":{"rendered":"EL MUNICIPIO RETIR\u00d3 UN BASURAL QUE AFECTABA A VECINOS DEL CENTRO"},"content":{"rendered":"<p><strong>El operativo se realiz\u00f3 en la calle Pellegrini al 400 donde un grupo de personas aprovech\u00f3 un espacio amplio de la vereda para acumular diversos residuos, lo que generaba la proliferaci\u00f3n de insectos y malos olores.<\/strong><\/p>\n<p><!--more--><\/p>\n<p>Nuevamente la Municipalidad realiz\u00f3 un operativo de saneamiento y retiro de un basural generado de manera indebida en la ciudad, afectando la salud de las personas.<\/p>\n<p>Juan Pablo Farf\u00e1n, director de la Patrulla Ambiental, manifest\u00f3 que \u201cen esta ocasi\u00f3n trabajamos en la calle Pellegrini al 400 donde un grupo de personas hab\u00eda acumulado una importante cantidad de residuos en la vereda\u201d.<\/p>\n<p>\u201cEsta acci\u00f3n provoc\u00f3 la proliferaci\u00f3n de insectos, inseguridad en la zona y la presencia de malos olores; por lo que debimos proceder al retiro de todos estos elementos\u201d; destac\u00f3 el funcionario.<\/p>\n<p>Del lugar se retir\u00f3 una importante cantidad de residuos secos y h\u00famedos, cartones, botellas de pl\u00e1stico, restos de sillones y juguetes y hasta una mesa y un colch\u00f3n, entre otros.<\/p>\n<p>El operativo se realiz\u00f3 de manera conjunta entre la Municipalidad y la Divisi\u00f3n de la Polic\u00eda Rural y Ambiental de la provincia.<\/p>\n<p><iframe loading=\"lazy\" title=\"El municipio retir\u00f3 un basural que afectaba a vecinos del centro\" width=\"696\" height=\"392\" src=\"https:\/\/www.youtube.com\/embed\/EzXkp1oLk5g?feature=oembed\" frameborder=\"0\" allow=\"accelerometer; autoplay; clipboard-write; encrypted-media; gyroscope; picture-in-picture; web-share\" referrerpolicy=\"strict-origin-when-cross-origin\" allowfullscreen><\/iframe><\/p>\n","protected":false},"excerpt":{"rendered":"<p>El operativo se realiz\u00f3 en la calle Pellegrini al 400 donde un grupo de personas aprovech\u00f3 un espacio amplio de la vereda para acumular diversos residuos, lo que generaba la proliferaci\u00f3n de insectos y malos olores.<\/p>\n","protected":false},"author":2,"featured_media":12676,"comment_status":"open","ping_status":"closed","sticky":false,"template":"","format":"standard","meta":{"footnotes":""},"categories":[6],"tags":[],"class_list":["post-12675","post","type-post","status-publish","format-standard","has-post-thumbnail","hentry","category-notas"],"_links":{"self":[{"href":"https:\/\/muycritico.com.ar\/web\/index.php?rest_route=\/wp\/v2\/posts\/12675","targetHints":{"allow":["GET"]}}],"collection":[{"href":"https:\/\/muycritico.com.ar\/web\/index.php?rest_route=\/wp\/v2\/posts"}],"about":[{"href":"https:\/\/muycritico.com.ar\/web\/index.php?rest_route=\/wp\/v2\/types\/post"}],"author":[{"embeddable":true,"href":"https:\/\/muycritico.com.ar\/web\/index.php?rest_route=\/wp\/v2\/users\/2"}],"replies":[{"embeddable":true,"href":"https:\/\/muycritico.com.ar\/web\/index.php?rest_route=%2Fwp%2Fv2%2Fcomments&post=12675"}],"version-history":[{"count":1,"href":"https:\/\/muycritico.com.ar\/web\/index.php?rest_route=\/wp\/v2\/posts\/12675\/revisions"}],"predecessor-version":[{"id":12677,"href":"https:\/\/muycritico.com.ar\/web\/index.php?rest_route=\/wp\/v2\/posts\/12675\/revisions\/12677"}],"wp:featuredmedia":[{"embeddable":true,"href":"https:\/\/muycritico.com.ar\/web\/index.php?rest_route=\/wp\/v2\/media\/12676"}],"wp:attachment":[{"href":"https:\/\/muycritico.com.ar\/web\/index.php?rest_route=%2Fwp%2Fv2%2Fmedia&parent=12675"}],"wp:term":[{"taxonomy":"category","embeddable":true,"href":"https:\/\/muycritico.com.ar\/web\/index.php?rest_route=%2Fwp%2Fv2%2Fcategories&post=12675"},{"taxonomy":"post_tag","embeddable":true,"href":"https:\/\/muycritico.com.ar\/web\/index.php?rest_route=%2Fwp%2Fv2%2Ftags&post=12675"}],"curies":[{"name":"wp","href":"https:\/\/api.w.org\/{rel}","templated":true}]}}