{"id":12672,"date":"2026-01-26T21:13:23","date_gmt":"2026-01-27T00:13:23","guid":{"rendered":"https:\/\/muycritico.com.ar\/web\/?p=12672"},"modified":"2026-01-26T21:13:23","modified_gmt":"2026-01-27T00:13:23","slug":"el-ente-solicitara-sanciones-a-transnoa","status":"publish","type":"post","link":"https:\/\/muycritico.com.ar\/web\/?p=12672","title":{"rendered":"EL ENTE SOLICITAR\u00c1 SANCIONES A TRANSNOA"},"content":{"rendered":"<p><strong>El Ente Regulador de los Servicios P\u00fablicos inform\u00f3 que solicitar\u00e1 nuevamente al Ente Nacional Regulador de la Electricidad (ENRE) la aplicaci\u00f3n de sanciones a la empresa transportista TRANSNOA S.A., a ra\u00edz de la interrupci\u00f3n del servicio el\u00e9ctrico registrada en el norte de la provincia de Salta.<\/strong><\/p>\n<p><!--more--><\/p>\n<p>La incidencia se produjo en el tramo Ledesma\u2013San Pedro, infraestructura bajo responsabilidad de la empresa transportista, y afect\u00f3 a m\u00e1s de 400.000 salte\u00f1os de los departamentos Or\u00e1n, Rivadavia y General San Mart\u00edn, generando un impacto significativo en los usuarios del servicio.<\/p>\n<p>Desde el Ente se aclar\u00f3 que TRANSNOA es una empresa transportista de energ\u00eda el\u00e9ctrica bajo jurisdicci\u00f3n nacional, por lo que su control y eventual sanci\u00f3n dependen exclusivamente de Ente Nacional Regulador de la Electricidad, y no de la Provincia de Salta. Al respecto, el presidente del Ente Regulador, Carlos Saravia, sostuvo que se trata de una situaci\u00f3n grave y reiterada.<\/p>\n<p>\u201cVamos a solicitar nuevamente al ENRE que sancione a TRANSNOA. No es la primera vez que ocurre un evento de estas caracter\u00edsticas y los usuarios no pueden seguir siendo los perjudicados por fallas que se producen en el sistema de transporte de energ\u00eda\u201d, afirm\u00f3.<\/p>\n<p><iframe loading=\"lazy\" title=\"TRANSNOA - Solicitar\u00e1n sanciones\" width=\"563\" height=\"1000\" src=\"https:\/\/www.youtube.com\/embed\/ZsRKcBz00Ak?feature=oembed\" frameborder=\"0\" allow=\"accelerometer; autoplay; clipboard-write; encrypted-media; gyroscope; picture-in-picture; web-share\" referrerpolicy=\"strict-origin-when-cross-origin\" allowfullscreen><\/iframe><\/p>\n","protected":false},"excerpt":{"rendered":"<p>El Ente Regulador de los Servicios P\u00fablicos inform\u00f3 que solicitar\u00e1 nuevamente al Ente Nacional Regulador de la Electricidad (ENRE) la aplicaci\u00f3n de sanciones a la empresa transportista TRANSNOA S.A., a ra\u00edz de la interrupci\u00f3n del servicio el\u00e9ctrico registrada en el norte de la provincia de Salta.<\/p>\n","protected":false},"author":2,"featured_media":12673,"comment_status":"open","ping_status":"closed","sticky":false,"template":"","format":"standard","meta":{"footnotes":""},"categories":[6],"tags":[],"class_list":["post-12672","post","type-post","status-publish","format-standard","has-post-thumbnail","hentry","category-notas"],"_links":{"self":[{"href":"https:\/\/muycritico.com.ar\/web\/index.php?rest_route=\/wp\/v2\/posts\/12672","targetHints":{"allow":["GET"]}}],"collection":[{"href":"https:\/\/muycritico.com.ar\/web\/index.php?rest_route=\/wp\/v2\/posts"}],"about":[{"href":"https:\/\/muycritico.com.ar\/web\/index.php?rest_route=\/wp\/v2\/types\/post"}],"author":[{"embeddable":true,"href":"https:\/\/muycritico.com.ar\/web\/index.php?rest_route=\/wp\/v2\/users\/2"}],"replies":[{"embeddable":true,"href":"https:\/\/muycritico.com.ar\/web\/index.php?rest_route=%2Fwp%2Fv2%2Fcomments&post=12672"}],"version-history":[{"count":1,"href":"https:\/\/muycritico.com.ar\/web\/index.php?rest_route=\/wp\/v2\/posts\/12672\/revisions"}],"predecessor-version":[{"id":12674,"href":"https:\/\/muycritico.com.ar\/web\/index.php?rest_route=\/wp\/v2\/posts\/12672\/revisions\/12674"}],"wp:featuredmedia":[{"embeddable":true,"href":"https:\/\/muycritico.com.ar\/web\/index.php?rest_route=\/wp\/v2\/media\/12673"}],"wp:attachment":[{"href":"https:\/\/muycritico.com.ar\/web\/index.php?rest_route=%2Fwp%2Fv2%2Fmedia&parent=12672"}],"wp:term":[{"taxonomy":"category","embeddable":true,"href":"https:\/\/muycritico.com.ar\/web\/index.php?rest_route=%2Fwp%2Fv2%2Fcategories&post=12672"},{"taxonomy":"post_tag","embeddable":true,"href":"https:\/\/muycritico.com.ar\/web\/index.php?rest_route=%2Fwp%2Fv2%2Ftags&post=12672"}],"curies":[{"name":"wp","href":"https:\/\/api.w.org\/{rel}","templated":true}]}}