{"id":12666,"date":"2026-01-26T13:12:00","date_gmt":"2026-01-26T16:12:00","guid":{"rendered":"https:\/\/muycritico.com.ar\/web\/?p=12666"},"modified":"2026-01-26T13:13:10","modified_gmt":"2026-01-26T16:13:10","slug":"rivadavia-banda-sur-asistencia-y-relevamiento","status":"publish","type":"post","link":"https:\/\/muycritico.com.ar\/web\/?p=12666","title":{"rendered":"RIVADAVIA BANDA SUR: ASISTENCIA Y RELEVAMIENTO"},"content":{"rendered":"<p><strong>El gobierno de la Provincia, a trav\u00e9s del ministro de Desarrrollo Social Mario Mimessi, reforz\u00f3 la asistencia en Rivadavia Banda Sur.<\/strong><\/p>\n<p><!--more--><\/p>\n<p>El ministro de Desarrollo Social, Mario Mimessi, visit\u00f3 el municipio de Rivadavia Banda Sur junto a su equipo de trabajo, donde fue recibido por el intendente Leopoldo Cuenca, con el objetivo de reforzar la asistencia a las familias afectadas por las crecidas del r\u00edo Bermejo.<\/p>\n<p>Durante la jornada, se intensific\u00f3 la entrega de alimentos y elementos de primera necesidad para los vecinos de las zonas ribere\u00f1as que resultaron damnificadas. Las acciones se desarrollan de manera articulada entre el Municipio y el Ministerio de Desarrollo Social, alcanzando a distintos parajes de la zona.<\/p>\n<p>Entre los lugares asistidos se encuentran Los Naranjos, Los Tomas, Divisadero, Carmencito, Villa Petrona, El Totoral, La Uni\u00f3n y zonas aleda\u00f1as, donde adem\u00e1s se realiz\u00f3 un relevamiento de las familias afectadas, brindando asistencia alimentaria directa.<\/p>\n<p>Las tareas llevadas adelante durante este domingo se concentraron especialmente en el paraje El Totoral, mientras que la asistencia contin\u00faa de forma simult\u00e1nea en otros parajes de la regi\u00f3n tambi\u00e9n afectados por las crecidas del r\u00edo Bermejo.<\/p>\n<p><img loading=\"lazy\" decoding=\"async\" class=\"aligncenter size-full wp-image-12669\" src=\"https:\/\/muycritico.com.ar\/web\/wp-content\/uploads\/2026\/01\/ASISTENCIA2.jpg\" alt=\"\" width=\"1051\" height=\"583\" srcset=\"https:\/\/muycritico.com.ar\/web\/wp-content\/uploads\/2026\/01\/ASISTENCIA2.jpg 1051w, https:\/\/muycritico.com.ar\/web\/wp-content\/uploads\/2026\/01\/ASISTENCIA2-768x426.jpg 768w\" sizes=\"auto, (max-width: 1051px) 100vw, 1051px\" \/><\/p>\n<p>Asimismo, se inform\u00f3 que, una vez que descienda el nivel del agua, se llegar\u00e1 nuevamente a las familias relevadas, en coordinaci\u00f3n con el municipio, con la entrega de otros elementos de primera necesidad, como camas, colchones, calzado, prendas de vestir, entre otros insumos.<\/p>\n<p>Es importante destacar que las familias afectadas ya no se encuentran en los domicilios que permanecen bajo el agua, sino que actualmente est\u00e1n resguardadas en viviendas de familiares, donde contin\u00faan recibiendo el acompa\u00f1amiento del Estado provincial.<\/p>\n<p>Las tareas de asistencia y relevamiento continuar\u00e1n durante los pr\u00f3ximos d\u00edas, garantizando la presencia territorial y el acompa\u00f1amiento a las comunidades afectadas.<\/p>\n","protected":false},"excerpt":{"rendered":"<p>El gobierno de la Provincia, a trav\u00e9s del ministro de Desarrrollo Social Mario Mimessi, reforz\u00f3 la asistencia en Rivadavia Banda Sur.<\/p>\n","protected":false},"author":2,"featured_media":12667,"comment_status":"open","ping_status":"closed","sticky":false,"template":"","format":"standard","meta":{"footnotes":""},"categories":[6],"tags":[],"class_list":["post-12666","post","type-post","status-publish","format-standard","has-post-thumbnail","hentry","category-notas"],"_links":{"self":[{"href":"https:\/\/muycritico.com.ar\/web\/index.php?rest_route=\/wp\/v2\/posts\/12666","targetHints":{"allow":["GET"]}}],"collection":[{"href":"https:\/\/muycritico.com.ar\/web\/index.php?rest_route=\/wp\/v2\/posts"}],"about":[{"href":"https:\/\/muycritico.com.ar\/web\/index.php?rest_route=\/wp\/v2\/types\/post"}],"author":[{"embeddable":true,"href":"https:\/\/muycritico.com.ar\/web\/index.php?rest_route=\/wp\/v2\/users\/2"}],"replies":[{"embeddable":true,"href":"https:\/\/muycritico.com.ar\/web\/index.php?rest_route=%2Fwp%2Fv2%2Fcomments&post=12666"}],"version-history":[{"count":3,"href":"https:\/\/muycritico.com.ar\/web\/index.php?rest_route=\/wp\/v2\/posts\/12666\/revisions"}],"predecessor-version":[{"id":12671,"href":"https:\/\/muycritico.com.ar\/web\/index.php?rest_route=\/wp\/v2\/posts\/12666\/revisions\/12671"}],"wp:featuredmedia":[{"embeddable":true,"href":"https:\/\/muycritico.com.ar\/web\/index.php?rest_route=\/wp\/v2\/media\/12667"}],"wp:attachment":[{"href":"https:\/\/muycritico.com.ar\/web\/index.php?rest_route=%2Fwp%2Fv2%2Fmedia&parent=12666"}],"wp:term":[{"taxonomy":"category","embeddable":true,"href":"https:\/\/muycritico.com.ar\/web\/index.php?rest_route=%2Fwp%2Fv2%2Fcategories&post=12666"},{"taxonomy":"post_tag","embeddable":true,"href":"https:\/\/muycritico.com.ar\/web\/index.php?rest_route=%2Fwp%2Fv2%2Ftags&post=12666"}],"curies":[{"name":"wp","href":"https:\/\/api.w.org\/{rel}","templated":true}]}}