{"id":12662,"date":"2026-01-26T12:38:31","date_gmt":"2026-01-26T15:38:31","guid":{"rendered":"https:\/\/muycritico.com.ar\/web\/?p=12662"},"modified":"2026-01-26T12:38:31","modified_gmt":"2026-01-26T15:38:31","slug":"si-tomaste-no-manejes-se-secuestraron-45-vehiculos-durante-el-fin-de-semana","status":"publish","type":"post","link":"https:\/\/muycritico.com.ar\/web\/?p=12662","title":{"rendered":"SI TOMASTE NO MANEJES: SE SECUESTRARON 45 VEH\u00cdCULOS DURANTE EL FIN DE SEMANA"},"content":{"rendered":"<p><strong>Todos fueron retenidos por alcoholemia positiva. Los controles se realizaron el s\u00e1bado y domingo a la madrugada en las Avenidas Paraguay, Yrigoyen y Per\u00f3n. El objetivo es garantizar orden y seguridad en las calles salte\u00f1as y que se cumplan las normas viales.<\/strong><\/p>\n<p><!--more--><\/p>\n<p>La Municipalidad de Salta contin\u00faa con los controles de tr\u00e1nsito en distintos puntos estrat\u00e9gicos, buscando generar orden y seguridad. En esta ocasi\u00f3n, se secuestraron 45 veh\u00edculos durante el fin de semana, todos por alcoholemia positiva.<\/p>\n<p>Ya que conducir con alcohol en sangre es una falta grave, se procede a la retenci\u00f3n de licencia y de veh\u00edculo. Luego el Tribunal de Faltas emite sentencia con el monto a pagar, el tiempo de inhabilitaci\u00f3n y la p\u00e9rdida de puntos del Scoring, que en este caso es total.<\/p>\n<p><img loading=\"lazy\" decoding=\"async\" class=\"aligncenter size-full wp-image-12664\" src=\"https:\/\/muycritico.com.ar\/web\/wp-content\/uploads\/2026\/01\/SINIESTROS.jpg\" alt=\"\" width=\"699\" height=\"345\" srcset=\"https:\/\/muycritico.com.ar\/web\/wp-content\/uploads\/2026\/01\/SINIESTROS.jpg 699w, https:\/\/muycritico.com.ar\/web\/wp-content\/uploads\/2026\/01\/SINIESTROS-324x160.jpg 324w, https:\/\/muycritico.com.ar\/web\/wp-content\/uploads\/2026\/01\/SINIESTROS-648x320.jpg 648w\" sizes=\"auto, (max-width: 699px) 100vw, 699px\" \/><\/p>\n<p>Los controles se realizaron el s\u00e1bado y domingo por la madrugada en Av. Paraguay, Av Yrigoyen y Av Per\u00f3n. El secretario de Tr\u00e1nsito y Seguridad Vial, Mat\u00edas Assennato, particip\u00f3 de los operativos.<\/p>\n<p>En varias ocasiones se trabaj\u00f3 con el personal del 911, por la falta de colaboraci\u00f3n de los conductores.<\/p>\n<p>Cabe destacar que este tipo de controles se continuar\u00e1n efectuando en diferentes puntos estrat\u00e9gicos de la ciudad, buscando que los salte\u00f1os respeten las normas viales.<\/p>\n","protected":false},"excerpt":{"rendered":"<p>Todos fueron retenidos por alcoholemia positiva. Los controles se realizaron el s\u00e1bado y domingo a la madrugada en las Avenidas Paraguay, Yrigoyen y Per\u00f3n. El objetivo es garantizar orden y seguridad en las calles salte\u00f1as y que se cumplan las normas viales.<\/p>\n","protected":false},"author":2,"featured_media":12663,"comment_status":"open","ping_status":"closed","sticky":false,"template":"","format":"standard","meta":{"footnotes":""},"categories":[6],"tags":[],"class_list":["post-12662","post","type-post","status-publish","format-standard","has-post-thumbnail","hentry","category-notas"],"_links":{"self":[{"href":"https:\/\/muycritico.com.ar\/web\/index.php?rest_route=\/wp\/v2\/posts\/12662","targetHints":{"allow":["GET"]}}],"collection":[{"href":"https:\/\/muycritico.com.ar\/web\/index.php?rest_route=\/wp\/v2\/posts"}],"about":[{"href":"https:\/\/muycritico.com.ar\/web\/index.php?rest_route=\/wp\/v2\/types\/post"}],"author":[{"embeddable":true,"href":"https:\/\/muycritico.com.ar\/web\/index.php?rest_route=\/wp\/v2\/users\/2"}],"replies":[{"embeddable":true,"href":"https:\/\/muycritico.com.ar\/web\/index.php?rest_route=%2Fwp%2Fv2%2Fcomments&post=12662"}],"version-history":[{"count":1,"href":"https:\/\/muycritico.com.ar\/web\/index.php?rest_route=\/wp\/v2\/posts\/12662\/revisions"}],"predecessor-version":[{"id":12665,"href":"https:\/\/muycritico.com.ar\/web\/index.php?rest_route=\/wp\/v2\/posts\/12662\/revisions\/12665"}],"wp:featuredmedia":[{"embeddable":true,"href":"https:\/\/muycritico.com.ar\/web\/index.php?rest_route=\/wp\/v2\/media\/12663"}],"wp:attachment":[{"href":"https:\/\/muycritico.com.ar\/web\/index.php?rest_route=%2Fwp%2Fv2%2Fmedia&parent=12662"}],"wp:term":[{"taxonomy":"category","embeddable":true,"href":"https:\/\/muycritico.com.ar\/web\/index.php?rest_route=%2Fwp%2Fv2%2Fcategories&post=12662"},{"taxonomy":"post_tag","embeddable":true,"href":"https:\/\/muycritico.com.ar\/web\/index.php?rest_route=%2Fwp%2Fv2%2Ftags&post=12662"}],"curies":[{"name":"wp","href":"https:\/\/api.w.org\/{rel}","templated":true}]}}