{"id":12659,"date":"2026-01-26T12:06:21","date_gmt":"2026-01-26T15:06:21","guid":{"rendered":"https:\/\/muycritico.com.ar\/web\/?p=12659"},"modified":"2026-01-26T12:06:21","modified_gmt":"2026-01-26T15:06:21","slug":"intento-vender-una-costosa-camioneta-robada-por-facebook","status":"publish","type":"post","link":"https:\/\/muycritico.com.ar\/web\/?p=12659","title":{"rendered":"INTENT\u00d3 VENDER UNA COSTOSA CAMIONETA ROBADA POR FACEBOOK"},"content":{"rendered":"<p><strong>El sujeto esta con prisi\u00f3n preventiva por la millonaria estafa en la permuta de la camioneta. El hecho se origin\u00f3 en una operaci\u00f3n acordada por redes sociales, donde un vecino entreg\u00f3 dinero y un veh\u00edculo a cambio de una camioneta que luego se comprob\u00f3 ten\u00eda una denuncia por robo.<\/strong><\/p>\n<p><!--more--><\/p>\n<p>La causa se origin\u00f3 a partir de un hecho denunciado el 28 de noviembre, cuando un vecino de la zona norte de la ciudad de Salta manifest\u00f3 haber sido enga\u00f1ado en una operaci\u00f3n de compraventa realizada a trav\u00e9s de una red social.<\/p>\n<p>Por su parte el fiscal penal 1, en feria, Pablo Paz, represent\u00f3 al Ministerio P\u00fablico Fiscal, en la audiencia convocada para resolver el requerimiento de prisi\u00f3n preventiva formulado contra un hombre de 29 a\u00f1os, imputado por el delito de estelionato. Tras analizar los planteos efectuados por las partes, el Juez de Garant\u00edas consider\u00f3 acreditados los presupuestos legales y orden\u00f3 que el acusado contin\u00fae detenido bajo esa modalidad cautelar.<\/p>\n<p>Seg\u00fan consta en las actuaciones, la persona se contact\u00f3 con quien se presentaba como titular de una camioneta 4\u00d74 ofrecida a la venta en Facebook y, luego de diversas comunicaciones, acordaron una permuta que inclu\u00eda la entrega de una camioneta 4\u00d72 y una importante suma de dinero, cuyo monto total rondar\u00eda los 46 millones de pesos, aproximadamente.<\/p>\n<p>Concretada la operaci\u00f3n, el damnificado inici\u00f3 los tr\u00e1mites registrales correspondientes y, al solicitar el informe de dominio del rodado recibido, tom\u00f3 conocimiento de que sobre el veh\u00edculo pesaba una denuncia por robo, circunstancia que motiv\u00f3 la inmediata presentaci\u00f3n de una denuncia.<\/p>\n<p>A partir de las tareas investigativas desarrolladas por el Grupo de Investigaciones del Sector 1C, se logr\u00f3 establecer la identidad del presunto autor, quien habr\u00eda operado utilizando datos personales falsos y se encontraba residiendo en la provincia de Jujuy. Reunidos los elementos de convicci\u00f3n necesarios, la Fiscal\u00eda solicit\u00f3 \u00f3rdenes de allanamiento para distintos domicilios vinculados al investigado en la localidad de El Carmen.<\/p>\n<p>En el marco de las medidas judiciales oportunamente autorizadas, se concret\u00f3 la detenci\u00f3n del sospechoso y su posterior extradici\u00f3n a la provincia de Salta. Se inform\u00f3 adem\u00e1s que registra antecedentes condenatorios en la provincia de Jujuy y que permanece vinculado a otra causa de caracter\u00edsticas similares, actualmente en tr\u00e1mite en esa jurisdicci\u00f3n.<\/p>\n","protected":false},"excerpt":{"rendered":"<p>El sujeto esta con prisi\u00f3n preventiva por la millonaria estafa en la permuta de la camioneta. El hecho se origin\u00f3 en una operaci\u00f3n acordada por redes sociales, donde un vecino entreg\u00f3 dinero y un veh\u00edculo a cambio de una camioneta que luego se comprob\u00f3 ten\u00eda una denuncia por robo.<\/p>\n","protected":false},"author":2,"featured_media":12660,"comment_status":"open","ping_status":"closed","sticky":false,"template":"","format":"standard","meta":{"footnotes":""},"categories":[6],"tags":[],"class_list":["post-12659","post","type-post","status-publish","format-standard","has-post-thumbnail","hentry","category-notas"],"_links":{"self":[{"href":"https:\/\/muycritico.com.ar\/web\/index.php?rest_route=\/wp\/v2\/posts\/12659","targetHints":{"allow":["GET"]}}],"collection":[{"href":"https:\/\/muycritico.com.ar\/web\/index.php?rest_route=\/wp\/v2\/posts"}],"about":[{"href":"https:\/\/muycritico.com.ar\/web\/index.php?rest_route=\/wp\/v2\/types\/post"}],"author":[{"embeddable":true,"href":"https:\/\/muycritico.com.ar\/web\/index.php?rest_route=\/wp\/v2\/users\/2"}],"replies":[{"embeddable":true,"href":"https:\/\/muycritico.com.ar\/web\/index.php?rest_route=%2Fwp%2Fv2%2Fcomments&post=12659"}],"version-history":[{"count":1,"href":"https:\/\/muycritico.com.ar\/web\/index.php?rest_route=\/wp\/v2\/posts\/12659\/revisions"}],"predecessor-version":[{"id":12661,"href":"https:\/\/muycritico.com.ar\/web\/index.php?rest_route=\/wp\/v2\/posts\/12659\/revisions\/12661"}],"wp:featuredmedia":[{"embeddable":true,"href":"https:\/\/muycritico.com.ar\/web\/index.php?rest_route=\/wp\/v2\/media\/12660"}],"wp:attachment":[{"href":"https:\/\/muycritico.com.ar\/web\/index.php?rest_route=%2Fwp%2Fv2%2Fmedia&parent=12659"}],"wp:term":[{"taxonomy":"category","embeddable":true,"href":"https:\/\/muycritico.com.ar\/web\/index.php?rest_route=%2Fwp%2Fv2%2Fcategories&post=12659"},{"taxonomy":"post_tag","embeddable":true,"href":"https:\/\/muycritico.com.ar\/web\/index.php?rest_route=%2Fwp%2Fv2%2Ftags&post=12659"}],"curies":[{"name":"wp","href":"https:\/\/api.w.org\/{rel}","templated":true}]}}