{"id":1258,"date":"2024-03-22T19:25:21","date_gmt":"2024-03-22T22:25:21","guid":{"rendered":"https:\/\/muycritico.com.ar\/web\/?p=1258"},"modified":"2026-01-18T19:25:35","modified_gmt":"2026-01-18T22:25:35","slug":"la-municipalidad-aclaro-que-la-figura-del-comunero-no-existe","status":"publish","type":"post","link":"https:\/\/muycritico.com.ar\/web\/?p=1258","title":{"rendered":"LA MUNICIPALIDAD ACLAR\u00d3 QUE LA FIGURA DEL \u201cCOMUNERO\u201d NO EXISTE"},"content":{"rendered":"<p><strong>Juan Manuel Chalabe, jefe de gabinete, aclar\u00f3 que la figura del comunero municipal no existe, y que se confunde con la Coordinaci\u00f3n de Asuntos Vecinales \u201cque siempre existi\u00f3 en el municipio pero con distintos nombres\u201d.<\/strong><\/p>\n<p><!--more--><\/p>\n<p>En una nota al sitio Datasalta, Chalabe aclar\u00f3 sobre la pol\u00e9mica que se suscit\u00f3 en torno a la figura del comunero y el rol que este cumpl\u00eda. \u201cQueremos descentralizar la ciudad, por eso lo que hicimos fue dividirla en zonas operativas para poder llegar a todos los barrios y no lo que siempre pasaba: que quedaban zonas sin la presencia municipal\u201d asegur\u00f3.<\/p>\n<p>El funcionario aclar\u00f3 que dicha secretaria tiene como principal objetivo sacar la gesti\u00f3n a la calle, \u201cllegar al vecino, escucharlos y luego dise\u00f1ar las pol\u00edticas publicas que atiendan esos reclamos\u201d.<\/p>\n<p><strong>\u00bfSueldos de $1,5 millones?<\/strong><\/p>\n<p>Por otro lado, aclar\u00f3 que los sueldos no son los que manifestaron algunos concejales opositores \u201ccobran menos de la mitad de los montos que de manera malintencionada se dijeron\u201d.<\/p>\n<p>Por \u00faltimo, Chalabe aclar\u00f3 que \u201cSalta no est\u00e1 dividida en comunas y para eso deber\u00edamos cambiar la carta org\u00e1nica. Hoy eso no existe, por lo tanto, los comuneros no existen como tal\u201d concluy\u00f3.<\/p>\n","protected":false},"excerpt":{"rendered":"<p>Juan Manuel Chalabe, jefe de gabinete, aclar\u00f3 que la figura del comunero municipal no existe, y que se confunde con la Coordinaci\u00f3n de Asuntos Vecinales \u201cque siempre existi\u00f3 en el municipio pero con distintos nombres\u201d.<\/p>\n","protected":false},"author":2,"featured_media":1259,"comment_status":"open","ping_status":"closed","sticky":false,"template":"","format":"standard","meta":{"footnotes":""},"categories":[6],"tags":[224,872],"class_list":["post-1258","post","type-post","status-publish","format-standard","has-post-thumbnail","hentry","category-notas","tag-juan-manuel-chalabe","tag-victor-sacca"],"_links":{"self":[{"href":"https:\/\/muycritico.com.ar\/web\/index.php?rest_route=\/wp\/v2\/posts\/1258","targetHints":{"allow":["GET"]}}],"collection":[{"href":"https:\/\/muycritico.com.ar\/web\/index.php?rest_route=\/wp\/v2\/posts"}],"about":[{"href":"https:\/\/muycritico.com.ar\/web\/index.php?rest_route=\/wp\/v2\/types\/post"}],"author":[{"embeddable":true,"href":"https:\/\/muycritico.com.ar\/web\/index.php?rest_route=\/wp\/v2\/users\/2"}],"replies":[{"embeddable":true,"href":"https:\/\/muycritico.com.ar\/web\/index.php?rest_route=%2Fwp%2Fv2%2Fcomments&post=1258"}],"version-history":[{"count":1,"href":"https:\/\/muycritico.com.ar\/web\/index.php?rest_route=\/wp\/v2\/posts\/1258\/revisions"}],"predecessor-version":[{"id":1260,"href":"https:\/\/muycritico.com.ar\/web\/index.php?rest_route=\/wp\/v2\/posts\/1258\/revisions\/1260"}],"wp:featuredmedia":[{"embeddable":true,"href":"https:\/\/muycritico.com.ar\/web\/index.php?rest_route=\/wp\/v2\/media\/1259"}],"wp:attachment":[{"href":"https:\/\/muycritico.com.ar\/web\/index.php?rest_route=%2Fwp%2Fv2%2Fmedia&parent=1258"}],"wp:term":[{"taxonomy":"category","embeddable":true,"href":"https:\/\/muycritico.com.ar\/web\/index.php?rest_route=%2Fwp%2Fv2%2Fcategories&post=1258"},{"taxonomy":"post_tag","embeddable":true,"href":"https:\/\/muycritico.com.ar\/web\/index.php?rest_route=%2Fwp%2Fv2%2Ftags&post=1258"}],"curies":[{"name":"wp","href":"https:\/\/api.w.org\/{rel}","templated":true}]}}