{"id":12343,"date":"2026-01-09T11:34:37","date_gmt":"2026-01-09T14:34:37","guid":{"rendered":"https:\/\/muycritico.com.ar\/web\/?p=12343"},"modified":"2026-01-18T19:03:27","modified_gmt":"2026-01-18T22:03:27","slug":"estado-de-transitabilidad-ruta-nacional-n-68","status":"publish","type":"post","link":"https:\/\/muycritico.com.ar\/web\/?p=12343","title":{"rendered":"ESTADO DE TRANSITABILIDAD RUTA NACIONAL N\u00b0 68"},"content":{"rendered":"<p><strong>Vialidad Nacional informa que, a ra\u00edz de las fuertes tormentas registradas en toda la zona de los Valles de Lerma, contin\u00faan las afectaciones en distintos tramos de la Ruta Nacional N\u00b0 68.<\/strong><\/p>\n<p><!--more--><\/p>\n<p>Se informa que las maquinarias viales trabajar\u00e1n desde la salida de la localidad de La Merced hasta el kil\u00f3metro 158,0, en tareas de recomposici\u00f3n de banquinas descalzadas, desarroll\u00e1ndose los trabajos durante toda la jornada de hoy y hasta el d\u00eda viernes.<\/p>\n<p><img loading=\"lazy\" decoding=\"async\" class=\"aligncenter size-full wp-image-12345\" src=\"https:\/\/muycritico.com.ar\/web\/wp-content\/uploads\/2026\/01\/VIALIDAD-68.jpg\" alt=\"\" width=\"720\" height=\"1280\" \/><\/p>\n<p>Mientras se ejecutan estas tareas, la circulaci\u00f3n se realiza por un desv\u00edo provisorio, dispuesto y se\u00f1alizado por el \u00e1rea de Tr\u00e1nsito de la Municipalidad de La Merced, debido a la constante bajada de agua sobre la calle San Mart\u00edn, dentro de la traves\u00eda urbana de La Merced, sector que presenta escurrimiento de agua cada vez que se registran precipitaciones, por lo que se solicita extremar las precauciones en la zona.<\/p>\n<p><img loading=\"lazy\" decoding=\"async\" class=\"aligncenter size-full wp-image-12346\" src=\"https:\/\/muycritico.com.ar\/web\/wp-content\/uploads\/2026\/01\/VIALIDAD-68-2.jpg\" alt=\"\" width=\"1600\" height=\"1200\" srcset=\"https:\/\/muycritico.com.ar\/web\/wp-content\/uploads\/2026\/01\/VIALIDAD-68-2.jpg 1600w, https:\/\/muycritico.com.ar\/web\/wp-content\/uploads\/2026\/01\/VIALIDAD-68-2-768x576.jpg 768w, https:\/\/muycritico.com.ar\/web\/wp-content\/uploads\/2026\/01\/VIALIDAD-68-2-1536x1152.jpg 1536w\" sizes=\"auto, (max-width: 1600px) 100vw, 1600px\" \/><\/p>\n<p>Asimismo, se recomienda circular con precauci\u00f3n en los tramos comprendidos entre La Vi\u00f1a y Coronel Moldes, debido a la presencia de material sobre la calzada en sectores puntuales, principalmente en las zonas de los arroyos San Vicente y El Tajamar.<\/p>\n<p><img loading=\"lazy\" decoding=\"async\" class=\"aligncenter size-full wp-image-12347\" src=\"https:\/\/muycritico.com.ar\/web\/wp-content\/uploads\/2026\/01\/VIALIDAD-68-5.jpg\" alt=\"\" width=\"1600\" height=\"1200\" srcset=\"https:\/\/muycritico.com.ar\/web\/wp-content\/uploads\/2026\/01\/VIALIDAD-68-5.jpg 1600w, https:\/\/muycritico.com.ar\/web\/wp-content\/uploads\/2026\/01\/VIALIDAD-68-5-768x576.jpg 768w, https:\/\/muycritico.com.ar\/web\/wp-content\/uploads\/2026\/01\/VIALIDAD-68-5-1536x1152.jpg 1536w\" sizes=\"auto, (max-width: 1600px) 100vw, 1600px\" \/><\/p>\n<p>La ruta se encuentra transitable, aunque se solicita a los usuarios disminuir la velocidad, respetar la se\u00f1alizaci\u00f3n preventiva y atender las indicaciones del personal vial que trabaja en la zona.<\/p>\n","protected":false},"excerpt":{"rendered":"<p>Vialidad Nacional informa que, a ra\u00edz de las fuertes tormentas registradas en toda la zona de los Valles de Lerma, contin\u00faan las afectaciones en distintos tramos de la Ruta Nacional N\u00b0 68.<\/p>\n","protected":false},"author":2,"featured_media":12344,"comment_status":"open","ping_status":"closed","sticky":false,"template":"","format":"standard","meta":{"footnotes":""},"categories":[6],"tags":[872],"class_list":["post-12343","post","type-post","status-publish","format-standard","has-post-thumbnail","hentry","category-notas","tag-victor-sacca"],"_links":{"self":[{"href":"https:\/\/muycritico.com.ar\/web\/index.php?rest_route=\/wp\/v2\/posts\/12343","targetHints":{"allow":["GET"]}}],"collection":[{"href":"https:\/\/muycritico.com.ar\/web\/index.php?rest_route=\/wp\/v2\/posts"}],"about":[{"href":"https:\/\/muycritico.com.ar\/web\/index.php?rest_route=\/wp\/v2\/types\/post"}],"author":[{"embeddable":true,"href":"https:\/\/muycritico.com.ar\/web\/index.php?rest_route=\/wp\/v2\/users\/2"}],"replies":[{"embeddable":true,"href":"https:\/\/muycritico.com.ar\/web\/index.php?rest_route=%2Fwp%2Fv2%2Fcomments&post=12343"}],"version-history":[{"count":1,"href":"https:\/\/muycritico.com.ar\/web\/index.php?rest_route=\/wp\/v2\/posts\/12343\/revisions"}],"predecessor-version":[{"id":12348,"href":"https:\/\/muycritico.com.ar\/web\/index.php?rest_route=\/wp\/v2\/posts\/12343\/revisions\/12348"}],"wp:featuredmedia":[{"embeddable":true,"href":"https:\/\/muycritico.com.ar\/web\/index.php?rest_route=\/wp\/v2\/media\/12344"}],"wp:attachment":[{"href":"https:\/\/muycritico.com.ar\/web\/index.php?rest_route=%2Fwp%2Fv2%2Fmedia&parent=12343"}],"wp:term":[{"taxonomy":"category","embeddable":true,"href":"https:\/\/muycritico.com.ar\/web\/index.php?rest_route=%2Fwp%2Fv2%2Fcategories&post=12343"},{"taxonomy":"post_tag","embeddable":true,"href":"https:\/\/muycritico.com.ar\/web\/index.php?rest_route=%2Fwp%2Fv2%2Ftags&post=12343"}],"curies":[{"name":"wp","href":"https:\/\/api.w.org\/{rel}","templated":true}]}}