{"id":12337,"date":"2026-01-08T16:59:40","date_gmt":"2026-01-08T19:59:40","guid":{"rendered":"https:\/\/muycritico.com.ar\/web\/?p=12337"},"modified":"2026-01-18T19:03:27","modified_gmt":"2026-01-18T22:03:27","slug":"rosario-de-lerma-imputaron-a-10-energumenos-que-alteraron-el-orden-publico-y-atacaron-a-la-policia","status":"publish","type":"post","link":"https:\/\/muycritico.com.ar\/web\/?p=12337","title":{"rendered":"ROSARIO DE LERMA: IMPUTARON A 10 ENERG\u00daMENOS QUE ALTERARON EL ORDEN P\u00daBLICO Y ATACARON A LA POLIC\u00cdA\u00a0"},"content":{"rendered":"<p><strong>La intervenci\u00f3n de la Fiscal\u00eda es por hechos ocurridos el pasado 21 de diciembre en barrio El Carmen de la ciudad de Rosario de Lerma, cuando personal policial de la jurisdicci\u00f3n, intervino ante denuncias por ruidos molestos y consumo de bebidas alcoh\u00f3licas en la v\u00eda p\u00fablica. Al ser abordados por el personal policial los atacaron violentamente lesion\u00e1ndolos \u00a0<\/strong><\/p>\n<p><!--more--><\/p>\n<p>Bajo la direcci\u00f3n del fiscal Escalante, se realiz\u00f3 un importante operativo en domicilios de esa ciudad, en procura de los sospechosos de un violento hecho ocurrido el pasado 21 de diciembre.<\/p>\n<p>El fiscal penal de Rosario de Lerma en feria, Daniel Alejandro Escalante, abri\u00f3 decreto de imputaci\u00f3n para 10 hombres mayores de edad por la supuesta comisi\u00f3n de los delitos de atentado a la autoridad doblemente agravado, lesiones doblemente agravadas, da\u00f1os calificados, da\u00f1os y robo en poblado y en banda, todo ello en concurso real, conforme a los art\u00edculos 238 incisos 2 y 4, 89, 92 en funci\u00f3n del art\u00edculo 80 incisos 6 y 8, 184 inciso 1, 183, 167 inciso 2 y 55 del C\u00f3digo Penal.<\/p>\n<p><img loading=\"lazy\" decoding=\"async\" class=\"aligncenter size-full wp-image-12339\" src=\"https:\/\/muycritico.com.ar\/web\/wp-content\/uploads\/2026\/01\/Rosario.escalante2.jpeg\" alt=\"\" width=\"900\" height=\"1600\" srcset=\"https:\/\/muycritico.com.ar\/web\/wp-content\/uploads\/2026\/01\/Rosario.escalante2.jpeg 900w, https:\/\/muycritico.com.ar\/web\/wp-content\/uploads\/2026\/01\/Rosario.escalante2-768x1365.jpeg 768w, https:\/\/muycritico.com.ar\/web\/wp-content\/uploads\/2026\/01\/Rosario.escalante2-864x1536.jpeg 864w\" sizes=\"auto, (max-width: 900px) 100vw, 900px\" \/><\/p>\n<p>Durante el ataque, los polic\u00edas fueron golpeados con pu\u00f1os y patadas, se arrojaron elementos contundentes, se ocasionaron da\u00f1os al m\u00f3vil policial y a un veh\u00edculo particular, y se sustrajo el casquete policial que llevaba uno de los efectivos. Ante el arribo de refuerzos, los agresores se dispersaron y se dieron a la fuga.<\/p>\n<p>En el avance de las tareas investigativas, se individualiz\u00f3 a 10 sospechosos de haber participado en el hecho y con la participaci\u00f3n de personal de la Direcci\u00f3n General de Investigaciones, se realizaron allanamientos en domicilios vinculados a los investigados, donde se secuestraron elementos de inter\u00e9s.<\/p>\n<p>El fiscal Escalante se\u00f1al\u00f3 que la investigaci\u00f3n contin\u00faa su curso y que hasta el momento, tres de los sospechosos ya fueron imputados y permanecen detenidos.<\/p>\n","protected":false},"excerpt":{"rendered":"<p>La intervenci\u00f3n de la Fiscal\u00eda es por hechos ocurridos el pasado 21 de diciembre en barrio El Carmen de la ciudad de Rosario de Lerma, cuando personal policial de la jurisdicci\u00f3n, intervino ante denuncias por ruidos molestos y consumo de bebidas alcoh\u00f3licas en la v\u00eda p\u00fablica. Al ser abordados por el personal policial los atacaron [&hellip;]<\/p>\n","protected":false},"author":2,"featured_media":12338,"comment_status":"open","ping_status":"closed","sticky":false,"template":"","format":"standard","meta":{"footnotes":""},"categories":[6],"tags":[872],"class_list":["post-12337","post","type-post","status-publish","format-standard","has-post-thumbnail","hentry","category-notas","tag-victor-sacca"],"_links":{"self":[{"href":"https:\/\/muycritico.com.ar\/web\/index.php?rest_route=\/wp\/v2\/posts\/12337","targetHints":{"allow":["GET"]}}],"collection":[{"href":"https:\/\/muycritico.com.ar\/web\/index.php?rest_route=\/wp\/v2\/posts"}],"about":[{"href":"https:\/\/muycritico.com.ar\/web\/index.php?rest_route=\/wp\/v2\/types\/post"}],"author":[{"embeddable":true,"href":"https:\/\/muycritico.com.ar\/web\/index.php?rest_route=\/wp\/v2\/users\/2"}],"replies":[{"embeddable":true,"href":"https:\/\/muycritico.com.ar\/web\/index.php?rest_route=%2Fwp%2Fv2%2Fcomments&post=12337"}],"version-history":[{"count":1,"href":"https:\/\/muycritico.com.ar\/web\/index.php?rest_route=\/wp\/v2\/posts\/12337\/revisions"}],"predecessor-version":[{"id":12340,"href":"https:\/\/muycritico.com.ar\/web\/index.php?rest_route=\/wp\/v2\/posts\/12337\/revisions\/12340"}],"wp:featuredmedia":[{"embeddable":true,"href":"https:\/\/muycritico.com.ar\/web\/index.php?rest_route=\/wp\/v2\/media\/12338"}],"wp:attachment":[{"href":"https:\/\/muycritico.com.ar\/web\/index.php?rest_route=%2Fwp%2Fv2%2Fmedia&parent=12337"}],"wp:term":[{"taxonomy":"category","embeddable":true,"href":"https:\/\/muycritico.com.ar\/web\/index.php?rest_route=%2Fwp%2Fv2%2Fcategories&post=12337"},{"taxonomy":"post_tag","embeddable":true,"href":"https:\/\/muycritico.com.ar\/web\/index.php?rest_route=%2Fwp%2Fv2%2Ftags&post=12337"}],"curies":[{"name":"wp","href":"https:\/\/api.w.org\/{rel}","templated":true}]}}