{"id":1230,"date":"2024-03-19T19:01:24","date_gmt":"2024-03-19T22:01:24","guid":{"rendered":"https:\/\/muycritico.com.ar\/web\/?p=1230"},"modified":"2026-01-18T19:25:36","modified_gmt":"2026-01-18T22:25:36","slug":"papelon-epico-de-alfredo-olmedo-en-el-parlasur","status":"publish","type":"post","link":"https:\/\/muycritico.com.ar\/web\/?p=1230","title":{"rendered":"PAPEL\u00d3N \u00c9PICO DE ALFREDO OLMEDO EN EL PARLASUR"},"content":{"rendered":"<p><strong>Un esc\u00e1ndalo sacudi\u00f3 al Parlamento del Mercosur (Parlasur) con la presidencia de Alfredo Olmedo en el ojo del hurac\u00e1n. La delegaci\u00f3n argentina, conformada por firmas de UxP, PRO y UCR, ha exigido su remoci\u00f3n tras una serie de incidentes que incluyen el uso de seguridad privada para impedir el ingreso de parlamentarios y denuncias de violencia f\u00edsica por parte de legisladores.<\/strong><\/p>\n<p><!--more--><\/p>\n<p>Alfredo Olmedo protagoniz\u00f3 un papel\u00f3n en el Parlasur y piden su renuncia. Fue la parlamentaria paraguaya Jazm\u00edn Narv\u00e1ez quien acus\u00f3 al sojero de ejercer violencia y censura. En sinton\u00eda con ello autoridades de Paraguay y Brasil piden que sea removido del cargo, que sabr\u00e1 Dios como lleg\u00f3 a obtenerlo. Como dicen en el barrio, \u201cchancho arriba del \u00e1rbol\u201d, no se sabe c\u00f3mo lleg\u00f3 hasta ah\u00ed. Lo cierto es que lo del hombre fuerte de Milei en Salta alcanz\u00f3 niveles \u00e9picos en cuanto a bochorno internacional.<\/p>\n<p>Por su parte Jazmin Narv\u00e1ez, parlamentaria paraguaya, relat\u00f3 con lujo de detalles para que el bochorno sea estremecedor, cuando detall\u00f3 que la seguridad la retuvo del brazo para evitar su ingreso a la sesi\u00f3n, mientras que Olmedo orden\u00f3 la implementaci\u00f3n de \u201cpulseras\u201d para acceder al recinto, por cierto una medida prohibida que fue rechazada por las delegaciones presentes. Adem\u00e1s, se intent\u00f3 impedir el ingreso del jefe de la delegaci\u00f3n de Brasil.<\/p>\n<p><iframe loading=\"lazy\" title=\"PAPEL\u00d3N \u00c9PICO DE ALFREDO OLMEDO EN EL PARLASUR\" width=\"696\" height=\"392\" src=\"https:\/\/www.youtube.com\/embed\/BncZF8r6cJs?feature=oembed\" frameborder=\"0\" allow=\"accelerometer; autoplay; clipboard-write; encrypted-media; gyroscope; picture-in-picture; web-share\" allowfullscreen><\/iframe><\/p>\n<p>Olmedo, en un controvertido movimiento, se vali\u00f3 de un art\u00edculo para expulsar parlamentarios y girar el pedido de remoci\u00f3n de la delegaci\u00f3n argentina a comisiones, generando una reacci\u00f3n indignada por parte de sus colegas. En un punto <strong>cr\u00edtico<\/strong>, la delegaci\u00f3n paraguaya decidi\u00f3 abandonar la sesi\u00f3n en protesta, lo que provoc\u00f3 la falta de qu\u00f3rum y el posterior levantamiento de la misma.<\/p>\n<p>Seg\u00fan consigna QUE PASA SALTA, por el momento, Olmedo sobrevive en la presidencia del Parlasur, pero las presiones internas y externas, especialmente de Paraguay y Brasil, que han pedido su renuncia, podr\u00edan ser determinantes en su futuro pol\u00edtico dentro del organismo regional.<\/p>\n<blockquote class=\"twitter-tweet\">\n<p dir=\"ltr\" lang=\"es\">La delegaci\u00f3n argentina elige qui\u00e9n la representa en el <a href=\"https:\/\/twitter.com\/PARLASUR?ref_src=twsrc%5Etfw\">@PARLASUR<\/a> como vicepresidente y eventual presidente.<\/p>\n<p>Claramente Olmedo no, despu\u00e9s del papel\u00f3n de ayer. Los intereses de nuestra Patria van primero. <a href=\"https:\/\/t.co\/WRXi9ucrAV\">pic.twitter.com\/WRXi9ucrAV<\/a><\/p>\n<p>\u2014 \ud83d\udc9a Victoria Donda Perez (@vikidonda) <a href=\"https:\/\/twitter.com\/vikidonda\/status\/1770185524562596253?ref_src=twsrc%5Etfw\">March 19, 2024<\/a><\/p><\/blockquote>\n<p><script async src=\"https:\/\/platform.twitter.com\/widgets.js\" charset=\"utf-8\"><\/script><\/p>\n<p><strong>Autoritarismo al palo<\/strong><\/p>\n<p>Seg\u00fan trascendi\u00f3 el escandalo fue tal que los representantes de Brasil, Paraguay y Argentina apuntaron contra Alfredo Olmedo, por restringir el acceso al recinto y apagar los micr\u00f3fonos. En ese contexto desde la delegaci\u00f3n de Brasil, Celso Russomanno pidi\u00f3 que se vuelvan a encender los micr\u00f3fonos y se expresaron en contra de la restricci\u00f3n para el ingreso. \u201cSent\u00ed que nos minimizaron\u201d, expres\u00f3.<\/p>\n<p>Seg\u00fan el portal EXPRESION DEL SUR, en representaci\u00f3n de Argentina, Laura Sesman pidi\u00f3 disculpas a sus pares y pidi\u00f3 \u201cse tomen las medidas para que se dejen sin efecto cuestiones como estas de la custodia en la puerta, del micr\u00f3fono y dem\u00e1s que afectan el funcionamiento y la honorabilidad de nuestro cuerpo\u201d.<\/p>\n<p>Por su parte el Parlamentario uruguayo Nicol\u00e1s Viera, se mostr\u00f3 \u201cpreocupado\u201d por los controles y restricciones dentro del recinto. \u201cQue no tengamos la posibilidad de poder tener los micr\u00f3fonos como corresponden a un Parlamento, que no podamos sentarnos como queremos porque el Parlamento, que adem\u00e1s tengamos dificultades para circular, entonces creo que esas dificultades tienen que ser atendidas, siento que hay un esp\u00edritu un\u00e1nime a que eso realmente cambie y esto es una decisi\u00f3n pol\u00edtica del Presidente y de su grupo de asesores\u201d, expres\u00f3.<\/p>\n<p><img loading=\"lazy\" decoding=\"async\" class=\"aligncenter size-full wp-image-1233\" src=\"https:\/\/muycritico.com.ar\/web\/wp-content\/uploads\/2024\/03\/PARLASUR-SAMANIEGO.jpg\" alt=\"\" width=\"986\" height=\"554\" srcset=\"https:\/\/muycritico.com.ar\/web\/wp-content\/uploads\/2024\/03\/PARLASUR-SAMANIEGO.jpg 986w, https:\/\/muycritico.com.ar\/web\/wp-content\/uploads\/2024\/03\/PARLASUR-SAMANIEGO-768x432.jpg 768w\" sizes=\"auto, (max-width: 986px) 100vw, 986px\" \/><\/p>\n<p>La referente de Paraguay Lilian Samaniego, calific\u00f3 de \u201cbochornoso\u201d no permitirles el acceso a la sala y pidi\u00f3 respeto. \u201cEntendemos las dificultades que tiene hoy la Delegaci\u00f3n Argentina, pero en Mercosur somos Paraguay, Argentina, Paraguay, Brasil, y merecemos respeto\u201d, se\u00f1al\u00f3.<\/p>\n<p>A su tiempo, Alfredo Olmedo pidi\u00f3 disculpas por el retraso de la reuni\u00f3n de la mesa directiva y explic\u00f3 que las medidas de seguridad en el acceso y el apago de micr\u00f3fonos fue para \u201cponer orden\u201d, a la vez que plant\u00f3 la posibilidad de incorporar tecnolog\u00eda para lectura de huellas o sistema identificatorio en un futuro.<\/p>\n<p><strong>Moci\u00f3n para desplazar a Olmedo de la Presidencia<\/strong><\/p>\n<p>Seguidamente, los Parlamentarios trataron una nota presentada por la propia delegaci\u00f3n argentina, para pedir que Olmedo sea desplazado de la presidencia.<\/p>\n<p>\u201cAqu\u00ed no hay una situaci\u00f3n reglamentaria ni de otro tipo, sino que hay una crisis pol\u00edtica que debe resolverse con pol\u00edtica. Y as\u00ed, parlamentario Olmedo, como el d\u00eda 18 de diciembre desde esta misma banca, le manifestamos la confianza a usted para ocupar ese lugar, hoy esa confianza es retirada por la delegaci\u00f3n argentina\u201d expres\u00f3 el argentino Franco Metaza y se\u00f1al\u00f3 \u201clos motivos son varios, el de mayor gravedad es el no respeto en la conformaci\u00f3n de las comisiones a las que esta delegaci\u00f3n hab\u00eda consensuado\u201d.<\/p>\n<p><img loading=\"lazy\" decoding=\"async\" class=\"aligncenter size-full wp-image-1232\" src=\"https:\/\/muycritico.com.ar\/web\/wp-content\/uploads\/2024\/03\/PARLASUR-BRASIL.jpg\" alt=\"\" width=\"988\" height=\"559\" srcset=\"https:\/\/muycritico.com.ar\/web\/wp-content\/uploads\/2024\/03\/PARLASUR-BRASIL.jpg 988w, https:\/\/muycritico.com.ar\/web\/wp-content\/uploads\/2024\/03\/PARLASUR-BRASIL-768x435.jpg 768w\" sizes=\"auto, (max-width: 988px) 100vw, 988px\" \/><\/p>\n<p>Por su parte, el integrante del bloque de LLA, Patricio Villegas respald\u00f3 a Olmedo para la presidencia y advirti\u00f3: \u201cest\u00e1n boicoteando a la Libertad de Avanza\u201d.<\/p>\n<p>\u201cMe imagino que todos los parlamentarios est\u00e1n en conocimiento de lo que ocurri\u00f3 en la C\u00e1mara de Diputados de la Naci\u00f3n Argentina, con la Ley \u00d3mnibus, que ni siquiera le aprobaron las facultades delegadas que le hab\u00edan aprobado el 19 de diciembre de 2019 al expresidente Alberto Fern\u00e1ndez. Ni siquiera eso le dieron al presidente Mieli. Y no hab\u00edan ocurrido 45 d\u00edas, algo ins\u00f3lito, hicieron un paro general. La otra vez, esto es parte de las maniobras que est\u00e1n haciendo, as\u00ed como lo de la semana pasada pas\u00f3 en el Senado, ahora est\u00e1 ocurriendo ac\u00e1 en este Parlamento, destituyendo a un presidente de la Libertad de Avanza\u201d, manifest\u00f3.<\/p>\n<blockquote class=\"twitter-tweet\">\n<p dir=\"ltr\" lang=\"es\">El show que dio hoy Olmedo en el <a href=\"https:\/\/twitter.com\/PARLASUR?ref_src=twsrc%5Etfw\">@PARLASUR<\/a> fue un verdadero bochorno: como presidente de la delegaci\u00f3n argentina por La Libertad Avanza, puso seguridad privada para restringir el acceso a la sala del plenario. As\u00ed reaccionaron los parlamentarios brasileros a esto \ud83d\udc47\ud83c\udffd <a href=\"https:\/\/t.co\/UJhNRzVEf7\">pic.twitter.com\/UJhNRzVEf7<\/a><\/p>\n<p>\u2014 \ud83d\udc9a Victoria Donda Perez (@vikidonda) <a href=\"https:\/\/twitter.com\/vikidonda\/status\/1769829068814327815?ref_src=twsrc%5Etfw\">March 18, 2024<\/a><\/p><\/blockquote>\n<p><script async src=\"https:\/\/platform.twitter.com\/widgets.js\" charset=\"utf-8\"><\/script><\/p>\n<p>En respuesta, el argentino Rodolfo Eiben pidi\u00f3 \u201cno mezclar conflictos internos de Argentina\u201d en el Parlamento y repudi\u00f3 destratos que \u201cdenigraron la actividad pol\u00edtica argentina\u201d.<\/p>\n<p>\u201cSe mezclan en cosas personales, acusaciones, pol\u00edtica interna de la Argentina y este es un \u00e1mbito parlamentario plural donde los problemas internos pol\u00edticos de la Argentina ni siquiera deben mencionarse, porque no es el \u00e1mbito adecuado y menos acusando a un bloque o a otro de pertenecer a un lugar o apoyar un gobierno. Son las confusiones que se deben limar y las asperezas que no deben existir, son los desencuentros pol\u00edticos que hacen que hoy estemos en esta diatriba presentando notas y recontra notas y amenazando y cerrando las puertas de esta sala y poniendo custodias policiales o cuasi policiales\u201d, expres\u00f3.<\/p>\n<p><img loading=\"lazy\" decoding=\"async\" class=\"aligncenter size-full wp-image-1231\" src=\"https:\/\/muycritico.com.ar\/web\/wp-content\/uploads\/2024\/03\/PARLASUR-ARGENTINA.jpg\" alt=\"\" width=\"980\" height=\"555\" srcset=\"https:\/\/muycritico.com.ar\/web\/wp-content\/uploads\/2024\/03\/PARLASUR-ARGENTINA.jpg 980w, https:\/\/muycritico.com.ar\/web\/wp-content\/uploads\/2024\/03\/PARLASUR-ARGENTINA-768x435.jpg 768w\" sizes=\"auto, (max-width: 980px) 100vw, 980px\" \/><\/p>\n<p>A su vez, el representante uruguayo Mario Colman, pidi\u00f3 \u201cpreservar la institucionalidad\u201d y, pese a manifestarse en desacuerdo con el \u201cestilo de la Presidencia\u201d respecto al cierre del sal\u00f3n y corte de micr\u00f3fonos, cuestion\u00f3 la moci\u00f3n \u201cHoy, mayor\u00edas circunstanciales de una delegaci\u00f3n nos presentan una alternativa, entonces, \u00bfqui\u00e9n nos asegura que en la pr\u00f3xima sesi\u00f3n no vamos a tener de vuelta la propuesta de un nuevo presidente?\u201d.<\/p>\n<p>Finalmente, con el retraso del inicio, los reclamos y conflictos para el ingreso y la toma de palabras, muchos de los Parlamentarios comunicaron su retiro del sal\u00f3n para cumplir con vuelos y compromisos nacionales, por lo que a falta de quorum, se levant\u00f3 la sesi\u00f3n. El brasilero Celso Russomanno, pidi\u00f3 que el primer punto de tratamiento durante la pr\u00f3xima reuni\u00f3n fuera el votar por la destituci\u00f3n o no de Olmedo.<\/p>\n","protected":false},"excerpt":{"rendered":"<p>Un esc\u00e1ndalo sacudi\u00f3 al Parlamento del Mercosur (Parlasur) con la presidencia de Alfredo Olmedo en el ojo del hurac\u00e1n. La delegaci\u00f3n argentina, conformada por firmas de UxP, PRO y UCR, ha exigido su remoci\u00f3n tras una serie de incidentes que incluyen el uso de seguridad privada para impedir el ingreso de parlamentarios y denuncias de [&hellip;]<\/p>\n","protected":false},"author":2,"featured_media":1234,"comment_status":"open","ping_status":"closed","sticky":false,"template":"","format":"standard","meta":{"footnotes":""},"categories":[6],"tags":[218,217,872],"class_list":["post-1230","post","type-post","status-publish","format-standard","has-post-thumbnail","hentry","category-notas","tag-alfredo-olmedo","tag-parlasur","tag-victor-sacca"],"_links":{"self":[{"href":"https:\/\/muycritico.com.ar\/web\/index.php?rest_route=\/wp\/v2\/posts\/1230","targetHints":{"allow":["GET"]}}],"collection":[{"href":"https:\/\/muycritico.com.ar\/web\/index.php?rest_route=\/wp\/v2\/posts"}],"about":[{"href":"https:\/\/muycritico.com.ar\/web\/index.php?rest_route=\/wp\/v2\/types\/post"}],"author":[{"embeddable":true,"href":"https:\/\/muycritico.com.ar\/web\/index.php?rest_route=\/wp\/v2\/users\/2"}],"replies":[{"embeddable":true,"href":"https:\/\/muycritico.com.ar\/web\/index.php?rest_route=%2Fwp%2Fv2%2Fcomments&post=1230"}],"version-history":[{"count":3,"href":"https:\/\/muycritico.com.ar\/web\/index.php?rest_route=\/wp\/v2\/posts\/1230\/revisions"}],"predecessor-version":[{"id":1240,"href":"https:\/\/muycritico.com.ar\/web\/index.php?rest_route=\/wp\/v2\/posts\/1230\/revisions\/1240"}],"wp:featuredmedia":[{"embeddable":true,"href":"https:\/\/muycritico.com.ar\/web\/index.php?rest_route=\/wp\/v2\/media\/1234"}],"wp:attachment":[{"href":"https:\/\/muycritico.com.ar\/web\/index.php?rest_route=%2Fwp%2Fv2%2Fmedia&parent=1230"}],"wp:term":[{"taxonomy":"category","embeddable":true,"href":"https:\/\/muycritico.com.ar\/web\/index.php?rest_route=%2Fwp%2Fv2%2Fcategories&post=1230"},{"taxonomy":"post_tag","embeddable":true,"href":"https:\/\/muycritico.com.ar\/web\/index.php?rest_route=%2Fwp%2Fv2%2Ftags&post=1230"}],"curies":[{"name":"wp","href":"https:\/\/api.w.org\/{rel}","templated":true}]}}