{"id":1212,"date":"2024-03-17T11:47:42","date_gmt":"2024-03-17T14:47:42","guid":{"rendered":"https:\/\/muycritico.com.ar\/web\/?p=1212"},"modified":"2026-01-18T19:25:38","modified_gmt":"2026-01-18T22:25:38","slug":"borracho-asesino-mato-a-tres-personas-con-su-automovil","status":"publish","type":"post","link":"https:\/\/muycritico.com.ar\/web\/?p=1212","title":{"rendered":"BORRACHO ASESINO MAT\u00d3 A TRES PERSONAS CON SU AUTOM\u00d3VIL"},"content":{"rendered":"<p><strong>Sucedi\u00f3 sobre Avenida Paraguay aproximadamente a las cinco de la ma\u00f1ana, cuando un autom\u00f3vil Renault Fluence que se trasladaba a gran velocidad atropell\u00f3 a varias personas que sal\u00edan de los boliches de la zona, para luego impactar contra una palmera. Los tres ocupantes del autom\u00f3vil intentaron huir pero fueron detenidos por transe\u00fantes, seg\u00fan trascendidos.<\/strong><\/p>\n<p><!--more--><\/p>\n<p>Otra vez la intoxicaci\u00f3n et\u00edlica a manos de un conductor irresponsable y sus acompa\u00f1antes se cobra la vida de tres personas. El veh\u00edculo en cuesti\u00f3n impact\u00f3 a gran velocidad a unos 10 transe\u00fantes que sal\u00edan de los boliches de la zona para terminar impactando contra una palmera de la platabanda.<\/p>\n<p>Seg\u00fan trascendidos period\u00edsticos, el siniestro se produjo a metros del puente de la Coca Cola. Al parecer el impacto fue de tal violencia que dej\u00f3 varios heridos graves adem\u00e1s de las dos personas fallecidas.<\/p>\n<p><strong>El parte de la Policia<\/strong><\/p>\n<p>Esta madrugada efectivos de la Direcci\u00f3n Unidad Regional N\u00b0 10, Seguridad Urbana, Polic\u00eda Vial y peritos en Criminal\u00edstica trabajaron en avenida Paraguay al 2200 para establecer las causas de un siniestro donde estuvo involucrado un autom\u00f3vil que embisti\u00f3 a varias personas<\/p>\n<p>Pasadas las 05:30 de la ma\u00f1ana, efectivos de la Comisar\u00eda Cuarta de barrio San Remo fueron alertados de un siniestro vial en avenida Paraguay al 2200, donde varias personas estaban lesionadas.<\/p>\n<p>En el lugar, los recursos constataron que fue protagonizado por un autom\u00f3vil color blanco conducido por un joven de 21 a\u00f1os, quien, por causas a establecer, perdi\u00f3 el control del rodado y embisti\u00f3 a 10 personas de las cuales 2, un hombre y una mujer fallecieron en el lugar.<\/p>\n<p>Las dem\u00e1s fueron derivados en c\u00f3digo rojo hacia el hospital San Bernardo, para una mejor valoraci\u00f3n sanitaria. Minutos m\u00e1s tarde, el personal del Destacamento San Bernardo confirm\u00f3 que, a pesar de la asistencia inmediata, se produce el deceso de una tercera v\u00edctima, un joven de 24 a\u00f1os que falleci\u00f3 por las lesiones de gravedad que presentaba.<\/p>\n","protected":false},"excerpt":{"rendered":"<p>Sucedi\u00f3 sobre Avenida Paraguay aproximadamente a las cinco de la ma\u00f1ana, cuando un autom\u00f3vil Renault Fluence que se trasladaba a gran velocidad atropell\u00f3 a varias personas que sal\u00edan de los boliches de la zona, para luego impactar contra una palmera. Los tres ocupantes del autom\u00f3vil intentaron huir pero fueron detenidos por transe\u00fantes, seg\u00fan trascendidos.<\/p>\n","protected":false},"author":2,"featured_media":1213,"comment_status":"open","ping_status":"closed","sticky":false,"template":"","format":"standard","meta":{"footnotes":""},"categories":[6],"tags":[872],"class_list":["post-1212","post","type-post","status-publish","format-standard","has-post-thumbnail","hentry","category-notas","tag-victor-sacca"],"_links":{"self":[{"href":"https:\/\/muycritico.com.ar\/web\/index.php?rest_route=\/wp\/v2\/posts\/1212","targetHints":{"allow":["GET"]}}],"collection":[{"href":"https:\/\/muycritico.com.ar\/web\/index.php?rest_route=\/wp\/v2\/posts"}],"about":[{"href":"https:\/\/muycritico.com.ar\/web\/index.php?rest_route=\/wp\/v2\/types\/post"}],"author":[{"embeddable":true,"href":"https:\/\/muycritico.com.ar\/web\/index.php?rest_route=\/wp\/v2\/users\/2"}],"replies":[{"embeddable":true,"href":"https:\/\/muycritico.com.ar\/web\/index.php?rest_route=%2Fwp%2Fv2%2Fcomments&post=1212"}],"version-history":[{"count":1,"href":"https:\/\/muycritico.com.ar\/web\/index.php?rest_route=\/wp\/v2\/posts\/1212\/revisions"}],"predecessor-version":[{"id":1214,"href":"https:\/\/muycritico.com.ar\/web\/index.php?rest_route=\/wp\/v2\/posts\/1212\/revisions\/1214"}],"wp:featuredmedia":[{"embeddable":true,"href":"https:\/\/muycritico.com.ar\/web\/index.php?rest_route=\/wp\/v2\/media\/1213"}],"wp:attachment":[{"href":"https:\/\/muycritico.com.ar\/web\/index.php?rest_route=%2Fwp%2Fv2%2Fmedia&parent=1212"}],"wp:term":[{"taxonomy":"category","embeddable":true,"href":"https:\/\/muycritico.com.ar\/web\/index.php?rest_route=%2Fwp%2Fv2%2Fcategories&post=1212"},{"taxonomy":"post_tag","embeddable":true,"href":"https:\/\/muycritico.com.ar\/web\/index.php?rest_route=%2Fwp%2Fv2%2Ftags&post=1212"}],"curies":[{"name":"wp","href":"https:\/\/api.w.org\/{rel}","templated":true}]}}