{"id":12068,"date":"2025-12-26T14:21:38","date_gmt":"2025-12-26T17:21:38","guid":{"rendered":"https:\/\/muycritico.com.ar\/web\/?p=12068"},"modified":"2026-01-18T19:03:33","modified_gmt":"2026-01-18T22:03:33","slug":"con-personal-y-recursos-propios-se-realizaron-obras-en-mas-de-75-barrios-de-la-ciudad","status":"publish","type":"post","link":"https:\/\/muycritico.com.ar\/web\/?p=12068","title":{"rendered":"CON PERSONAL Y RECURSOS PROPIOS, SE REALIZARON OBRAS EN M\u00c1S DE 75 BARRIOS DE LA CIUDAD"},"content":{"rendered":"<p><strong>Durante los dos a\u00f1os de gesti\u00f3n, se avanz\u00f3 en tareas de hormigonado, pavimentaci\u00f3n, arreglos de calles, puesta a punto de cordones cuneta y mucho m\u00e1s. Adem\u00e1s, se intervino en m\u00e1s de 160 cuadras.<\/strong><\/p>\n<p><!--more--><\/p>\n<p>La actual gesti\u00f3n de la Municipalidad de Salta trabaja desde el primer d\u00eda en la obra p\u00fablica para mejorar la transitabilidad vehicular y peatonal en la ciudad. Esto queda a la vista de la comunidad por las tareas que se realizan en diferentes puntos del ejido municipal.<\/p>\n<p>Uno de los objetivos fue ejecutar estas obras con personal y recursos propios, tanto de la planta hormigonera como de la planta asf\u00e1ltica.<\/p>\n<p>En estos primeros dos a\u00f1os de gesti\u00f3n se llevaron a cabo obras de diferentes \u00edndoles, como pavimentaci\u00f3n y repavimentaci\u00f3n con concreto asf\u00e1ltico; y pavimentaci\u00f3n y bacheo con hormig\u00f3n.<\/p>\n<p><strong>Desde el inicio de la gesti\u00f3n hasta la fecha, se realizaron:<\/strong><\/p>\n<p>Pavimentaci\u00f3n y repavimentaci\u00f3n con concreto asf\u00e1ltico<\/p>\n<p>12.300 toneladas de concreto asf\u00e1ltico<\/p>\n<p>85.850 m2<\/p>\n<p>122 cuadras<\/p>\n<p>25 barrios intervenidos<\/p>\n<p><strong>Pavimento y bacheo con hormig\u00f3n<\/strong><\/p>\n<p>1.159 toneladas de cemento<\/p>\n<p>3.900 m3 de hormig\u00f3n<\/p>\n<p>18.500 m2 cubiertos<\/p>\n<p>5.200 metros lineales de cord\u00f3n cuneta<\/p>\n<p>20 cuadras de bacheo con hormig\u00f3n<\/p>\n<p>22 cuadras pavimentadas con hormig\u00f3n<\/p>\n<p>40 barrios intervenidos<\/p>\n<p>\u201cLa planta hormigonera es donde empieza toda la magia de la obra p\u00fablica, lo que ven en la calle sale de ac\u00e1. Nosotros arrancamos bien temprano, a las 6 de la ma\u00f1ana cuando se prende la m\u00e1quina y empieza todo el trabajo que despu\u00e9s pasa a la calle para que arreglemos los pozos, los baches, pavimentemos\u201d, dijo Cecilia Pazos, coordinadora de Gesti\u00f3n Operativa de la Obra P\u00fablica.<\/p>\n<p>Por su parte, Antonio Anna, subsecretario de Obras de Producci\u00f3n, expres\u00f3 que el balance es ampliamente positivo, ya que, al inicio de la gesti\u00f3n, la planta de hormig\u00f3n y la planta de asfalto estaban pr\u00e1cticamente abandonadas. \u201cHoy vemos que est\u00e1 todo reluciente y podemos trabajar con nuestros propios recursos. Todo se revaloriz\u00f3\u201d, agreg\u00f3.<\/p>\n<p><iframe loading=\"lazy\" title=\"Con personal y recursos propios, se realizaron obras en m\u00e1s de 75 barrios de la ciudad\" width=\"696\" height=\"392\" src=\"https:\/\/www.youtube.com\/embed\/BL_9T7kUkRw?feature=oembed\" frameborder=\"0\" allow=\"accelerometer; autoplay; clipboard-write; encrypted-media; gyroscope; picture-in-picture; web-share\" referrerpolicy=\"strict-origin-when-cross-origin\" allowfullscreen><\/iframe><\/p>\n","protected":false},"excerpt":{"rendered":"<p>Durante los dos a\u00f1os de gesti\u00f3n, se avanz\u00f3 en tareas de hormigonado, pavimentaci\u00f3n, arreglos de calles, puesta a punto de cordones cuneta y mucho m\u00e1s. Adem\u00e1s, se intervino en m\u00e1s de 160 cuadras.<\/p>\n","protected":false},"author":2,"featured_media":12069,"comment_status":"open","ping_status":"closed","sticky":false,"template":"","format":"standard","meta":{"footnotes":""},"categories":[6],"tags":[872],"class_list":["post-12068","post","type-post","status-publish","format-standard","has-post-thumbnail","hentry","category-notas","tag-victor-sacca"],"_links":{"self":[{"href":"https:\/\/muycritico.com.ar\/web\/index.php?rest_route=\/wp\/v2\/posts\/12068","targetHints":{"allow":["GET"]}}],"collection":[{"href":"https:\/\/muycritico.com.ar\/web\/index.php?rest_route=\/wp\/v2\/posts"}],"about":[{"href":"https:\/\/muycritico.com.ar\/web\/index.php?rest_route=\/wp\/v2\/types\/post"}],"author":[{"embeddable":true,"href":"https:\/\/muycritico.com.ar\/web\/index.php?rest_route=\/wp\/v2\/users\/2"}],"replies":[{"embeddable":true,"href":"https:\/\/muycritico.com.ar\/web\/index.php?rest_route=%2Fwp%2Fv2%2Fcomments&post=12068"}],"version-history":[{"count":1,"href":"https:\/\/muycritico.com.ar\/web\/index.php?rest_route=\/wp\/v2\/posts\/12068\/revisions"}],"predecessor-version":[{"id":12070,"href":"https:\/\/muycritico.com.ar\/web\/index.php?rest_route=\/wp\/v2\/posts\/12068\/revisions\/12070"}],"wp:featuredmedia":[{"embeddable":true,"href":"https:\/\/muycritico.com.ar\/web\/index.php?rest_route=\/wp\/v2\/media\/12069"}],"wp:attachment":[{"href":"https:\/\/muycritico.com.ar\/web\/index.php?rest_route=%2Fwp%2Fv2%2Fmedia&parent=12068"}],"wp:term":[{"taxonomy":"category","embeddable":true,"href":"https:\/\/muycritico.com.ar\/web\/index.php?rest_route=%2Fwp%2Fv2%2Fcategories&post=12068"},{"taxonomy":"post_tag","embeddable":true,"href":"https:\/\/muycritico.com.ar\/web\/index.php?rest_route=%2Fwp%2Fv2%2Ftags&post=12068"}],"curies":[{"name":"wp","href":"https:\/\/api.w.org\/{rel}","templated":true}]}}