{"id":1206,"date":"2024-03-17T10:31:41","date_gmt":"2024-03-17T13:31:41","guid":{"rendered":"https:\/\/muycritico.com.ar\/web\/?p=1206"},"modified":"2026-01-18T19:25:38","modified_gmt":"2026-01-18T22:25:38","slug":"no-te-comas-el-verso","status":"publish","type":"post","link":"https:\/\/muycritico.com.ar\/web\/?p=1206","title":{"rendered":"\u201cNO TE COMAS EL VERSO\u201d"},"content":{"rendered":"<p><strong>Lo dijo la concejal por el PRO, Agustina \u00c1lvarez, en directa alusi\u00f3n al brutal incremento en las tarifas que Edesa actualiz\u00f3 en los \u00faltimos meses. \u201cLas cosas tienen que cambiar, claro que tienen que cambiar, pero no te comas el verso, no dejes que te mientan\u201d, enfatiza \u00c1lvarez.<\/strong><\/p>\n<p><!--more--><\/p>\n<p>Los groseros montos que aplic\u00f3 Edesa en las boletas que est\u00e1n causando p\u00e1nico en la poblaci\u00f3n y sobre todo en aquellos comerciantes a quienes les llegaron montos millonarios, es sin dudas el tema m\u00e1s candente de la semana que pas\u00f3 y de la que vendr\u00e1.<\/p>\n<p><iframe loading=\"lazy\" title=\"\u201cNO TE COMAS EL VERSO\u201d\" width=\"696\" height=\"392\" src=\"https:\/\/www.youtube.com\/embed\/hDGtQSWO-Zk?feature=oembed\" frameborder=\"0\" allow=\"accelerometer; autoplay; clipboard-write; encrypted-media; gyroscope; picture-in-picture; web-share\" allowfullscreen><\/iframe><\/p>\n<p>Ante esto sali\u00f3 la concejal <strong>Agustina \u00c1lvarez<\/strong> en sus redes sociales a \u201caclararle\u201d al estimado p\u00fablico que lo \u201cque no cuenta el gobernador es que la boleta te cobra el agua y adem\u00e1s del 50% de lo que pag\u00e1s son tasas en impuestos municipales propuestos por el intendente de su espacio pol\u00edtico\u201d, indica la edil del PRO.<\/p>\n<p>\u201c\u00bfHay diferencia con las de Buenos aires? S\u00ed, es un pa\u00eds poco federal tambi\u00e9n; las cosas tienen que cambiar, claro que tienen que cambiar, pero no te comas el verso, no dejes que te mientan\u201d, advierte \u00c1lvarez.<\/p>\n<figure id=\"attachment_1208\" aria-describedby=\"caption-attachment-1208\" style=\"width: 720px\" class=\"wp-caption aligncenter\"><img loading=\"lazy\" decoding=\"async\" class=\"wp-image-1208 size-full\" src=\"https:\/\/muycritico.com.ar\/web\/wp-content\/uploads\/2024\/03\/COMERCIO-DE-ORAN.jpg\" alt=\"\" width=\"720\" height=\"965\" \/><figcaption id=\"caption-attachment-1208\" class=\"wp-caption-text\">Boleta de Edesa de un comercio de Oran<\/figcaption><\/figure>\n","protected":false},"excerpt":{"rendered":"<p>Lo dijo la concejal por el PRO, Agustina \u00c1lvarez, en directa alusi\u00f3n al brutal incremento en las tarifas que Edesa actualiz\u00f3 en los \u00faltimos meses. \u201cLas cosas tienen que cambiar, claro que tienen que cambiar, pero no te comas el verso, no dejes que te mientan\u201d, enfatiza \u00c1lvarez.<\/p>\n","protected":false},"author":2,"featured_media":1207,"comment_status":"open","ping_status":"closed","sticky":false,"template":"","format":"standard","meta":{"footnotes":""},"categories":[6],"tags":[872],"class_list":["post-1206","post","type-post","status-publish","format-standard","has-post-thumbnail","hentry","category-notas","tag-victor-sacca"],"_links":{"self":[{"href":"https:\/\/muycritico.com.ar\/web\/index.php?rest_route=\/wp\/v2\/posts\/1206","targetHints":{"allow":["GET"]}}],"collection":[{"href":"https:\/\/muycritico.com.ar\/web\/index.php?rest_route=\/wp\/v2\/posts"}],"about":[{"href":"https:\/\/muycritico.com.ar\/web\/index.php?rest_route=\/wp\/v2\/types\/post"}],"author":[{"embeddable":true,"href":"https:\/\/muycritico.com.ar\/web\/index.php?rest_route=\/wp\/v2\/users\/2"}],"replies":[{"embeddable":true,"href":"https:\/\/muycritico.com.ar\/web\/index.php?rest_route=%2Fwp%2Fv2%2Fcomments&post=1206"}],"version-history":[{"count":4,"href":"https:\/\/muycritico.com.ar\/web\/index.php?rest_route=\/wp\/v2\/posts\/1206\/revisions"}],"predecessor-version":[{"id":1215,"href":"https:\/\/muycritico.com.ar\/web\/index.php?rest_route=\/wp\/v2\/posts\/1206\/revisions\/1215"}],"wp:featuredmedia":[{"embeddable":true,"href":"https:\/\/muycritico.com.ar\/web\/index.php?rest_route=\/wp\/v2\/media\/1207"}],"wp:attachment":[{"href":"https:\/\/muycritico.com.ar\/web\/index.php?rest_route=%2Fwp%2Fv2%2Fmedia&parent=1206"}],"wp:term":[{"taxonomy":"category","embeddable":true,"href":"https:\/\/muycritico.com.ar\/web\/index.php?rest_route=%2Fwp%2Fv2%2Fcategories&post=1206"},{"taxonomy":"post_tag","embeddable":true,"href":"https:\/\/muycritico.com.ar\/web\/index.php?rest_route=%2Fwp%2Fv2%2Ftags&post=1206"}],"curies":[{"name":"wp","href":"https:\/\/api.w.org\/{rel}","templated":true}]}}