{"id":1203,"date":"2024-03-17T08:20:52","date_gmt":"2024-03-17T11:20:52","guid":{"rendered":"https:\/\/muycritico.com.ar\/web\/?p=1203"},"modified":"2026-01-18T19:25:38","modified_gmt":"2026-01-18T22:25:38","slug":"ratifican-la-prision-preventiva-para-el-pistolero-del-paseo-guemes","status":"publish","type":"post","link":"https:\/\/muycritico.com.ar\/web\/?p=1203","title":{"rendered":"RATIFICAN LA PRISI\u00d3N PREVENTIVA PARA EL \u201cPISTOLERO\u201d DEL PASEO G\u00dcEMES"},"content":{"rendered":"<p><strong>El hecho ocurri\u00f3 el pasado 22 de octubre por la noche en el bar Temple, ubicado en la zona denominada Paseo G\u00fcemes de la ciudad de Salta, donde un sujeto que responde al nombre de Mat\u00edas Paz, sac\u00f3 un arma de fuego y comenz\u00f3 a disparar, causando da\u00f1os y lesiones. El imputado hab\u00eda solicitado a trav\u00e9s de su defensa el beneficio de la libertad o arresto domiciliario.<\/strong><\/p>\n<p><!--more--><\/p>\n<p>La fiscal\u00eda se present\u00f3 ante el Juzgado de Garant\u00edas 3 del distrito Centro, en la audiencia multiprop\u00f3sito para resolver el pedido de libertad o arresto domiciliario realizado por la defensa de <strong>Mat\u00edas Paz<\/strong>, imputado como autor de los delitos de tentativa de homicidio simple agravado por el uso de arma de fuego, lesiones leves y tenencia, portaci\u00f3n de arma de guerra y da\u00f1os en concurso real.<\/p>\n<p>El juez Antonio Pastrana, haciendo lugar a la posici\u00f3n expresada por los fiscales Ramos Ossorio y Gonz\u00e1lez, ratific\u00f3 la prisi\u00f3n preventiva del acusado en atenci\u00f3n a su actitud evasiva durante la investigaci\u00f3n y para evitar todo riesgo de entorpecimiento en la investigaci\u00f3n.<\/p>\n<p>El hecho investigado ocurri\u00f3 el pasado 22 de octubre por la noche en un bar de la zona denominada Paseo G\u00fcemes de la ciudad de Salta, donde el acusado usando un arma de fuego de guerra, efectu\u00f3 disparos dentro de un bar, atentando contra las personas presentes en el lugar y causando lesiones y da\u00f1os.<\/p>\n<p>Permaneci\u00f3 pr\u00f3fugo y fue detenido d\u00edas despu\u00e9s a trav\u00e9s del trabajo desplegado por la Unidad Especial de Investigaci\u00f3n del CIF, secuestr\u00e1ndosele armas, tel\u00e9fonos, el veh\u00edculo en el que se movilizaba y otros elementos de inter\u00e9s para la investigaci\u00f3n.<\/p>\n<p>Cabe recordar que al encontrarse sustancia estupefaciente en el domicilio donde fue encontrado, se dio intervenci\u00f3n a la Unidad Fiscal contra la Narcocriminalidad (UFINAR).<\/p>\n","protected":false},"excerpt":{"rendered":"<p>El hecho ocurri\u00f3 el pasado 22 de octubre por la noche en el bar Temple, ubicado en la zona denominada Paseo G\u00fcemes de la ciudad de Salta, donde un sujeto que responde al nombre de Mat\u00edas Paz, sac\u00f3 un arma de fuego y comenz\u00f3 a disparar, causando da\u00f1os y lesiones. El imputado hab\u00eda solicitado a [&hellip;]<\/p>\n","protected":false},"author":2,"featured_media":1204,"comment_status":"open","ping_status":"closed","sticky":false,"template":"","format":"standard","meta":{"footnotes":""},"categories":[6],"tags":[205,206,872],"class_list":["post-1203","post","type-post","status-publish","format-standard","has-post-thumbnail","hentry","category-notas","tag-matias-paz","tag-paseo-guemes","tag-victor-sacca"],"_links":{"self":[{"href":"https:\/\/muycritico.com.ar\/web\/index.php?rest_route=\/wp\/v2\/posts\/1203","targetHints":{"allow":["GET"]}}],"collection":[{"href":"https:\/\/muycritico.com.ar\/web\/index.php?rest_route=\/wp\/v2\/posts"}],"about":[{"href":"https:\/\/muycritico.com.ar\/web\/index.php?rest_route=\/wp\/v2\/types\/post"}],"author":[{"embeddable":true,"href":"https:\/\/muycritico.com.ar\/web\/index.php?rest_route=\/wp\/v2\/users\/2"}],"replies":[{"embeddable":true,"href":"https:\/\/muycritico.com.ar\/web\/index.php?rest_route=%2Fwp%2Fv2%2Fcomments&post=1203"}],"version-history":[{"count":1,"href":"https:\/\/muycritico.com.ar\/web\/index.php?rest_route=\/wp\/v2\/posts\/1203\/revisions"}],"predecessor-version":[{"id":1205,"href":"https:\/\/muycritico.com.ar\/web\/index.php?rest_route=\/wp\/v2\/posts\/1203\/revisions\/1205"}],"wp:featuredmedia":[{"embeddable":true,"href":"https:\/\/muycritico.com.ar\/web\/index.php?rest_route=\/wp\/v2\/media\/1204"}],"wp:attachment":[{"href":"https:\/\/muycritico.com.ar\/web\/index.php?rest_route=%2Fwp%2Fv2%2Fmedia&parent=1203"}],"wp:term":[{"taxonomy":"category","embeddable":true,"href":"https:\/\/muycritico.com.ar\/web\/index.php?rest_route=%2Fwp%2Fv2%2Fcategories&post=1203"},{"taxonomy":"post_tag","embeddable":true,"href":"https:\/\/muycritico.com.ar\/web\/index.php?rest_route=%2Fwp%2Fv2%2Ftags&post=1203"}],"curies":[{"name":"wp","href":"https:\/\/api.w.org\/{rel}","templated":true}]}}