{"id":1196,"date":"2024-03-14T17:48:46","date_gmt":"2024-03-14T20:48:46","guid":{"rendered":"https:\/\/muycritico.com.ar\/web\/?p=1196"},"modified":"2026-01-18T19:25:39","modified_gmt":"2026-01-18T22:25:39","slug":"diputados-piden-que-se-normalice-la-entrega-de-medicacion-a-pacientes-oncologicos-de-salta","status":"publish","type":"post","link":"https:\/\/muycritico.com.ar\/web\/?p=1196","title":{"rendered":"DIPUTADOS PIDEN QUE SE NORMALICE LA ENTREGA DE MEDICACI\u00d3N A PACIENTES ONCOLOGICOS DE SALTA"},"content":{"rendered":"<p><strong>La C\u00e1mara Baja aprob\u00f3 un proyecto de Declaraci\u00f3n que requiere al Gobierno Nacional, normalice la remisi\u00f3n a las provincias de los medicamentos para la asistencia de pacientes, en particular Asistencia Directa por Situaciones Especiales (DADSE), que dej\u00f3 sin cobertura a pacientes oncol\u00f3gicos de la provincia de Salta. \u201cPedimos que los medicamentos que vienen a salvar la vida, combatir el dolor, no s\u00f3lo de un paciente, sino de toda una familia, lleguen a esta provincia\u201d, dijo el diputado Gustavo Dantur<\/strong><\/p>\n<p><!--more--><\/p>\n<p>Al respecto, la presidenta de la comisi\u00f3n de Salud, la diputada Laura Cartuccia, sostuvo que estas medidas son preocupantes, ya que no solo ponen en riesgo el funcionamiento del sistema sanitario, sino que \u201cponen en juego la vida de las personas\u201d.<\/p>\n<p>En este marco, la legisladora se\u00f1al\u00f3 que \u201cse viven situaciones alarmantes en pacientes y en las familias salte\u00f1as, por eso solicitamos que se normalice la cobertura de salud y la entrega de medicamentos e insumos para su tratamiento\u201d.<\/p>\n<p>\u201cEn la provincia de Salta hablamos de pacientes oncol\u00f3gicos que recib\u00edan medicamentos por alt\u00edsimo costo, por un monto total de 450 millones de pesos\u201d, detall\u00f3.<\/p>\n<p><iframe loading=\"lazy\" style=\"border: none; overflow: hidden;\" src=\"https:\/\/www.facebook.com\/plugins\/video.php?height=476&amp;href=https%3A%2F%2Fwww.facebook.com%2F100077307805605%2Fvideos%2F1417878542155134%2F&amp;show_text=false&amp;width=357&amp;t=0\" width=\"357\" height=\"476\" frameborder=\"0\" scrolling=\"no\" allowfullscreen=\"allowfullscreen\"><\/iframe><\/p>\n<p>Por su parte el diputado <strong>Gustavo Dantur<\/strong> enfatiz\u00f3 en la necesidad de priorizar la salud del pueblo, y sostuvo que el esp\u00edritu de esta iniciativa es priorizar la salud, la vida, fomentar la empat\u00eda y la humanidad.\u00a0\u201cPedimos que los medicamentos que vienen a salvar la vida, combatir el dolor, no s\u00f3lo de un paciente, sino de toda una familia, lleguen a esta provincia\u201d, inst\u00f3 el legislador.<\/p>\n<p>En tanto, la diputada Carolina Ceaglio, consider\u00f3 que \u201ces un proyecto que nos atraviesa a todos\u201d y se refiri\u00f3 a la angustiante lucha que llevan d\u00eda a d\u00eda los pacientes oncol\u00f3gicos y sus familias.<\/p>\n<p>\u201cLa vida y la salud no pueden ser moneda de cambio\u201d, asegur\u00f3 la diputada.<\/p>\n<p>El diputado Juan Jos\u00e9 Esteban, cuestion\u00f3 la decisi\u00f3n de Naci\u00f3n y mencion\u00f3 la situaci\u00f3n que afrontan los pacientes oncol\u00f3gicos que dependen de estas prestaciones y que fueron perjudicados por estas medidas, se\u00f1al\u00f3 que es la Provincia la que prioriza la salud y no la Naci\u00f3n.<\/p>\n<p>\u201cEste a\u00f1o 2024, el gobierno de la Provincia asign\u00f3 $900 millones de pesos para la compra de medicamentos oncol\u00f3gicos\u201d, detall\u00f3 el diputado.<\/p>\n<p>En otro sentido, el diputado Roque Cornejo coincidi\u00f3 en la necesidad de garantizar la cobertura y prestaci\u00f3n de los tratamientos de los pacientes, aunque critic\u00f3 las medidas implementadas por las distintas gestiones nacionales en torno a estas prestaciones. \u201cM\u00e1s all\u00e1 de gobierne quien gobierne, por un mont\u00f3n de cuestiones empezando por la burocracia, pareciera ser que siempre el Estado llega un poco tarde\u201d, asegur\u00f3.<\/p>\n<p>A su turno, la diputada Isabel De Vita insisti\u00f3 en la necesidad de garantizar los tratamientos y el derecho a la salud de los pacientes, como tambi\u00e9n a dar continuidad a pol\u00edticas p\u00fablicas en materia de salud que hist\u00f3ricamente destacaron a la Argentina.<\/p>\n<p>\u201cLa Naci\u00f3n no puede mirar para otro lado, tenemos una realidad que debe ser afrontada con responsabilidad, de forma humanitaria\u201d, plante\u00f3 la diputada.<\/p>\n<p>El proyecto que unific\u00f3 propuestas de autor\u00eda de los diputados Esteban Amat, Ver\u00f3nica Saicha, Luis Albeza, Ger\u00f3nimo Arjona, Mois\u00e9s Balderrama, Federico Ca\u00f1izares, Laura Cartuccia, Carolina Ceaglio, Enzo Chauque, Edgar Dom\u00ednguez, Juan Esteban, Pablo G\u00f3mez, Patricia Hucena, Carlos Jorge, Marcela Leguina, Mar\u00eda del Socorro L\u00f3pez, Fabio L\u00f3pez, Luis Menda\u00f1a, Sergio Oliva, Manuel Paz, Marcelo Paz, Patricio Pe\u00f1alba, Germ\u00e1n Rall\u00e9, Ramona Riquelme, Rogelio Segundo, Nicol\u00e1s Taibo, Ernesto Tapia, Adri\u00e1n Valenzuela, H\u00e9ctor Vargas y Ra\u00fal Vargas, fue aprobado por unanimidad.<\/p>\n","protected":false},"excerpt":{"rendered":"<p>La C\u00e1mara Baja aprob\u00f3 un proyecto de Declaraci\u00f3n que requiere al Gobierno Nacional, normalice la remisi\u00f3n a las provincias de los medicamentos para la asistencia de pacientes, en particular Asistencia Directa por Situaciones Especiales (DADSE), que dej\u00f3 sin cobertura a pacientes oncol\u00f3gicos de la provincia de Salta. \u201cPedimos que los medicamentos que vienen a salvar [&hellip;]<\/p>\n","protected":false},"author":2,"featured_media":1198,"comment_status":"open","ping_status":"closed","sticky":false,"template":"","format":"standard","meta":{"footnotes":""},"categories":[6],"tags":[872],"class_list":["post-1196","post","type-post","status-publish","format-standard","has-post-thumbnail","hentry","category-notas","tag-victor-sacca"],"_links":{"self":[{"href":"https:\/\/muycritico.com.ar\/web\/index.php?rest_route=\/wp\/v2\/posts\/1196","targetHints":{"allow":["GET"]}}],"collection":[{"href":"https:\/\/muycritico.com.ar\/web\/index.php?rest_route=\/wp\/v2\/posts"}],"about":[{"href":"https:\/\/muycritico.com.ar\/web\/index.php?rest_route=\/wp\/v2\/types\/post"}],"author":[{"embeddable":true,"href":"https:\/\/muycritico.com.ar\/web\/index.php?rest_route=\/wp\/v2\/users\/2"}],"replies":[{"embeddable":true,"href":"https:\/\/muycritico.com.ar\/web\/index.php?rest_route=%2Fwp%2Fv2%2Fcomments&post=1196"}],"version-history":[{"count":1,"href":"https:\/\/muycritico.com.ar\/web\/index.php?rest_route=\/wp\/v2\/posts\/1196\/revisions"}],"predecessor-version":[{"id":1197,"href":"https:\/\/muycritico.com.ar\/web\/index.php?rest_route=\/wp\/v2\/posts\/1196\/revisions\/1197"}],"wp:featuredmedia":[{"embeddable":true,"href":"https:\/\/muycritico.com.ar\/web\/index.php?rest_route=\/wp\/v2\/media\/1198"}],"wp:attachment":[{"href":"https:\/\/muycritico.com.ar\/web\/index.php?rest_route=%2Fwp%2Fv2%2Fmedia&parent=1196"}],"wp:term":[{"taxonomy":"category","embeddable":true,"href":"https:\/\/muycritico.com.ar\/web\/index.php?rest_route=%2Fwp%2Fv2%2Fcategories&post=1196"},{"taxonomy":"post_tag","embeddable":true,"href":"https:\/\/muycritico.com.ar\/web\/index.php?rest_route=%2Fwp%2Fv2%2Ftags&post=1196"}],"curies":[{"name":"wp","href":"https:\/\/api.w.org\/{rel}","templated":true}]}}