{"id":11945,"date":"2025-12-18T12:39:35","date_gmt":"2025-12-18T15:39:35","guid":{"rendered":"https:\/\/muycritico.com.ar\/web\/?p=11945"},"modified":"2026-01-18T15:37:57","modified_gmt":"2026-01-18T18:37:57","slug":"fangio-regresa-a-monaco-un-idolo-y-su-maquina-reviven-la-gloria","status":"publish","type":"post","link":"https:\/\/muycritico.com.ar\/web\/?p=11945","title":{"rendered":"FANGIO REGRESA A M\u00d3NACO: UN \u00cdDOLO Y SU M\u00c1QUINA REVIVEN LA GLORIA"},"content":{"rendered":"<p><strong>M\u00f3naco, 1970. \u2013 El rugido inconfundible de un Ferrari D50 volvi\u00f3 a estremecer las calles del Principado este domingo, pero no era 1956. Era 1970, y al volante, con la misma elegancia y precisi\u00f3n quir\u00fargica de anta\u00f1o, estaba Juan Manuel Fangio. El quinquacampe\u00f3n mundial, con 59 a\u00f1os reci\u00e9n cumplidos, no compet\u00eda; su misi\u00f3n era emocionar. Y lo logr\u00f3 de manera magistral.<\/strong><\/p>\n<p><!--more--><\/p>\n<p>La escena era un puente entre dos \u00e9pocas. En el puerto de M\u00f3naco, donde hoy los monocascos de fibra de carbono de la F1 moderna se preparaban para su batalla, &#8220;El Maestro&#8221; protagoniz\u00f3 una exhibici\u00f3n hist\u00f3rica organizada por el equipo Ferrari. El autom\u00f3vil, el mismo Ferrari D50 con el que conquist\u00f3 su cuarto t\u00edtulo mundial hace catorce a\u00f1os, fue sacado del letargo del museo de Maranello, afinado meticulosamente para volver a respirar.<\/p>\n<p>Fangio, vestido con un mono de cuero cl\u00e1sico y su inseparable casco de corcho, apareci\u00f3 sereno en el pit lane. Una multitud se agolp\u00f3 para ver al mito. Periodistas, pilotos de la parrilla actual -entre ellos, un joven Jacky Ickx, piloto oficial de Ferrari- y miles de aficionados contuvieron el aliento cuando el motor V8 de 2.5 litros cobr\u00f3 vida con un estruendo que hizo vibrar los cristales de los palcos.<\/p>\n<p><iframe loading=\"lazy\" title=\"FANGIO REGRESA A M\u00d3NACO: UN \u00cdDOLO Y SU M\u00c1QUINA REVIVEN LA GLORIA\" width=\"696\" height=\"522\" src=\"https:\/\/www.youtube.com\/embed\/pTDdvrBcR_s?feature=oembed\" frameborder=\"0\" allow=\"accelerometer; autoplay; clipboard-write; encrypted-media; gyroscope; picture-in-picture; web-share\" referrerpolicy=\"strict-origin-when-cross-origin\" allowfullscreen><\/iframe><\/p>\n<p><strong>Un giro en el tiempo<\/strong><\/p>\n<p>La exhibici\u00f3n consisti\u00f3 en varias vueltas de demostraci\u00f3n. Pero cuando Fangio tom\u00f3 la salida, no fue un paseo nost\u00e1lgico. Fue una lecci\u00f3n viva. Su trazada por la curva de la Estaci\u00f3n (hoy la salida del t\u00fanel), su frenada en la Chicane, la delicadeza con la que colocaba el coche en la horquilla de la Rascasse, demostraron que la genialidad no caduca. El Ferrari D50, con su aerodin\u00e1mica de flecha y su motor delantero, respond\u00eda como si los a\u00f1os no hubieran pasado, como si piloto y m\u00e1quina estuvieran sellados en un pacto eterno.<\/p>\n<p>&#8220;Es como reencontrarse con un viejo amigo&#8221;, declar\u00f3 Fangio tras descender del coche, con una sonrisa que ilumin\u00f3 el pit lane. &#8220;El coche tiene alma. Recuerda cada bache, cada curva. Yo tambi\u00e9n los recordaba. Al salir del t\u00fanel y enfrentar la chicane, por un momento, cerr\u00e9 los ojos y fue 1956 otra vez. Se siente una emoci\u00f3n muy grande, un agradecimiento a la vida por permitirme volver a sentir esto&#8221;.<\/p>\n<p><strong>El legado tangible<\/strong><\/p>\n<p>Para los presentes, fue m\u00e1s que una exhibici\u00f3n; fue una conexi\u00f3n directa con la esencia del deporte. En una era donde la tecnolog\u00eda comenzaba a hablar m\u00e1s alto, Fangio y su D50 recordaron que el coraz\u00f3n de la F\u00f3rmula 1 late en la simbiosis entre el hombre y la m\u00e1quina. Jacky Ickx, observ\u00e1ndolo desde la barrera, coment\u00f3: &#8220;Ver a Fangio es entender de d\u00f3nde venimos. Es la historia viva. Su naturalidad al volante es lo que todos aspiramos a tener&#8221;.<\/p>\n<p>El Ferrari D50, el mismo que llev\u00f3 a Fangio a la victoria en Reims y Silverstone en 1956, no volver\u00e1 a competir. Pero por unas pocas vueltas en las calles de M\u00f3naco, devolvi\u00f3 a la pista a su m\u00e1s ilustre conductor y permiti\u00f3 que una nueva generaci\u00f3n atestiguara por qu\u00e9, incluso catorce a\u00f1os despu\u00e9s de su retiro, el nombre de Juan Manuel Fangio sigue siendo sin\u00f3nimo de perfecci\u00f3n al volante.<\/p>\n<p>El d\u00eda termin\u00f3 con el &#8220;Chueco&#8221; recibiendo una ovaci\u00f3n ensordecedora. No hab\u00eda trofeo que levantar, ni puntos en juego. Solo el reconocimiento eterno a un maestro que, por un d\u00eda, detuvo el tiempo y gir\u00f3 en M\u00f3naco para regalar al mundo un destello imborrable de su gloria pasada.<\/p>\n","protected":false},"excerpt":{"rendered":"<p>M\u00f3naco, 1970. \u2013 El rugido inconfundible de un Ferrari D50 volvi\u00f3 a estremecer las calles del Principado este domingo, pero no era 1956. Era 1970, y al volante, con la misma elegancia y precisi\u00f3n quir\u00fargica de anta\u00f1o, estaba Juan Manuel Fangio. El quinquacampe\u00f3n mundial, con 59 a\u00f1os reci\u00e9n cumplidos, no compet\u00eda; su misi\u00f3n era emocionar. [&hellip;]<\/p>\n","protected":false},"author":2,"featured_media":11946,"comment_status":"open","ping_status":"closed","sticky":false,"template":"","format":"standard","meta":{"footnotes":""},"categories":[11],"tags":[1054,1319,872],"class_list":["post-11945","post","type-post","status-publish","format-standard","has-post-thumbnail","hentry","category-motor","tag-fangio","tag-ferrari-d50","tag-victor-sacca"],"_links":{"self":[{"href":"https:\/\/muycritico.com.ar\/web\/index.php?rest_route=\/wp\/v2\/posts\/11945","targetHints":{"allow":["GET"]}}],"collection":[{"href":"https:\/\/muycritico.com.ar\/web\/index.php?rest_route=\/wp\/v2\/posts"}],"about":[{"href":"https:\/\/muycritico.com.ar\/web\/index.php?rest_route=\/wp\/v2\/types\/post"}],"author":[{"embeddable":true,"href":"https:\/\/muycritico.com.ar\/web\/index.php?rest_route=\/wp\/v2\/users\/2"}],"replies":[{"embeddable":true,"href":"https:\/\/muycritico.com.ar\/web\/index.php?rest_route=%2Fwp%2Fv2%2Fcomments&post=11945"}],"version-history":[{"count":2,"href":"https:\/\/muycritico.com.ar\/web\/index.php?rest_route=\/wp\/v2\/posts\/11945\/revisions"}],"predecessor-version":[{"id":11959,"href":"https:\/\/muycritico.com.ar\/web\/index.php?rest_route=\/wp\/v2\/posts\/11945\/revisions\/11959"}],"wp:featuredmedia":[{"embeddable":true,"href":"https:\/\/muycritico.com.ar\/web\/index.php?rest_route=\/wp\/v2\/media\/11946"}],"wp:attachment":[{"href":"https:\/\/muycritico.com.ar\/web\/index.php?rest_route=%2Fwp%2Fv2%2Fmedia&parent=11945"}],"wp:term":[{"taxonomy":"category","embeddable":true,"href":"https:\/\/muycritico.com.ar\/web\/index.php?rest_route=%2Fwp%2Fv2%2Fcategories&post=11945"},{"taxonomy":"post_tag","embeddable":true,"href":"https:\/\/muycritico.com.ar\/web\/index.php?rest_route=%2Fwp%2Fv2%2Ftags&post=11945"}],"curies":[{"name":"wp","href":"https:\/\/api.w.org\/{rel}","templated":true}]}}