{"id":1193,"date":"2024-03-14T17:06:59","date_gmt":"2024-03-14T20:06:59","guid":{"rendered":"https:\/\/muycritico.com.ar\/web\/?p=1193"},"modified":"2026-01-18T19:25:39","modified_gmt":"2026-01-18T22:25:39","slug":"media-sancion-a-la-regulacion-de-honorarios-por-la-actuacion-de-los-defensores-publicos-oficiales","status":"publish","type":"post","link":"https:\/\/muycritico.com.ar\/web\/?p=1193","title":{"rendered":"MEDIA SANCI\u00d3N A LA REGULACI\u00d3N DE HONORARIOS POR LA ACTUACI\u00d3N DE LOS DEFENSORES P\u00daBLICOS OFICIALES"},"content":{"rendered":"<p><strong>La C\u00e1mara de Diputados dio media sanci\u00f3n al proyecto de Ley que modifica el art\u00edculo 51 de la Ley N\u00b0 7.328 &#8211; &#8220;Ley Org\u00e1nica Del Ministerio P\u00fablico&#8221;, que busca la eficiencia del servicio p\u00fablico de la defensa en condiciones de igualdad, mejorar la operatividad de la tarea de asistencia t\u00e9cnica y dotar al Ministerio P\u00fablico de mayores recursos para optimizar el servicio de la defensa oficial.<\/strong><\/p>\n<p><!--more--><\/p>\n<p>En este sentido, la presidenta de la comisi\u00f3n de Legislaci\u00f3n General, la diputada Socorro Villamayor, explic\u00f3 que, con la modificaci\u00f3n planteada, la persona imputada que opte por un Defensor P\u00fablico Oficial podr\u00e1 acceder irrestrictamente al servicio de Justica, sin importar su situaci\u00f3n econ\u00f3mica; no obstante, el Ministerio P\u00fablico podr\u00e1 cobrar honorarios si la misma posee los medios econ\u00f3micos suficientes para afrontar estos costos, de conformidad con la Ley de aranceles vigentes para abogados y procuradores.<\/p>\n<p>Asimismo, se\u00f1al\u00f3 que, \u201cesta modificaci\u00f3n normativa encuentra sustento en el bloque de Constitucionalidad Argentino, que contempla la asistencia jur\u00eddica de car\u00e1cter gratuito a quienes no poseen recursos econ\u00f3micos o se encuentren en condiciones de vulnerabilidad, a fin de ponerlos en pie de igualdad &#8211; en cuanto al acceso a la justicia-, con quienes poseen medios econ\u00f3micos suficientes para procurarse un abogado particular, criterio que ser\u00e1 receptado con mayor claridad con la reforma que se propone\u201d.<\/p>\n<p>Adem\u00e1s, la diputada remarc\u00f3 que esta modificaci\u00f3n no pretende limitar el acceso a la Justicia, sino que busca lograr igualdad entre las personas que m\u00e1s tienen y las que menos tienen.<\/p>\n<p>Finalmente, la legisladora se refiri\u00f3 a la legislaci\u00f3n sobre regulaci\u00f3n de honorarios por la actuaci\u00f3n de los Defensores Oficiales Penales, que se aplica tanto en el \u00e1mbito nacional mediante la Ley N\u00ba 27.149, como en otras jurisdicciones a trav\u00e9s de normas provinciales, como el caso de las provincias de Tucum\u00e1n, Jujuy, La Rioja, Formosa, Santa F\u00e9, C\u00f3rdoba, Misiones, Buenos Aires, Mendoza, Chubut, Neuqu\u00e9n, y Rio Negro.<\/p>\n<p>Por su parte, la presidenta de la comisi\u00f3n de Hacienda y Presupuesto, la diputada Patricia Hucena, asegur\u00f3 que la modificaci\u00f3n legislativa que aqu\u00ed se propone lograr\u00e1 asegurar la eficiencia del servicio p\u00fablico de la defensa en condiciones de igualdad.<\/p>\n<p>\u201cLa ley debe tratar no solo de equiparar jur\u00eddicamente a todos los ciudadanos, sino tambi\u00e9n considerar la diversidad entre los mismos\u201d, explic\u00f3 la diputada, quien resalt\u00f3 que la regulaci\u00f3n de honorarios por la actuaci\u00f3n de los Defensores Penales, entre otros puntos, es una respuesta a lo planteado por el Comit\u00e9 de Derechos Humanos en su informe aprobado en su 117\u00ba periodo de sesiones, donde manifiesta la necesidad de que las Defensor\u00edas Oficiales cuenten con los recursos suficientes para la plena ejecuci\u00f3n de sus mandatos.<\/p>\n<p>A su vez, el presidente de la comisi\u00f3n de Justicia, el diputado Luis Albeza, destac\u00f3 que el procedimiento para verificar el estado patrimonial y familiar del imputado, as\u00ed como las pautas para la determinaci\u00f3n de carencia, ser\u00e1n reglamentadas por el Ministerio P\u00fablico.<\/p>\n<p>En tanto, el diputado explic\u00f3 que a los honorarios siempre los percibir\u00e1 el Ministerio P\u00fablico y no el Defensor Oficial interviniente.<\/p>\n<p>\u201cLos honorarios cobrados ingresar\u00e1n al Ministerio P\u00fablico, no pudiendo aplicarse como retribuci\u00f3n para sus integrantes bajo ning\u00fan concepto\u201d, subray\u00f3 Albeza, a la vez que precis\u00f3 que esta modificaci\u00f3n permitir\u00e1, entre otros ejes, mejorar el servicio de Justicia en la provincia.<\/p>\n<p>El proyecto enviado por el Ministerio P\u00fablico de Salta fue aprobado por amplia mayor\u00eda y pas\u00f3 al Senado en revisi\u00f3n.<\/p>\n","protected":false},"excerpt":{"rendered":"<p>La C\u00e1mara de Diputados dio media sanci\u00f3n al proyecto de Ley que modifica el art\u00edculo 51 de la Ley N\u00b0 7.328 &#8211; &#8220;Ley Org\u00e1nica Del Ministerio P\u00fablico&#8221;, que busca la eficiencia del servicio p\u00fablico de la defensa en condiciones de igualdad, mejorar la operatividad de la tarea de asistencia t\u00e9cnica y dotar al Ministerio P\u00fablico [&hellip;]<\/p>\n","protected":false},"author":2,"featured_media":1194,"comment_status":"open","ping_status":"closed","sticky":false,"template":"","format":"standard","meta":{"footnotes":""},"categories":[6],"tags":[872],"class_list":["post-1193","post","type-post","status-publish","format-standard","has-post-thumbnail","hentry","category-notas","tag-victor-sacca"],"_links":{"self":[{"href":"https:\/\/muycritico.com.ar\/web\/index.php?rest_route=\/wp\/v2\/posts\/1193","targetHints":{"allow":["GET"]}}],"collection":[{"href":"https:\/\/muycritico.com.ar\/web\/index.php?rest_route=\/wp\/v2\/posts"}],"about":[{"href":"https:\/\/muycritico.com.ar\/web\/index.php?rest_route=\/wp\/v2\/types\/post"}],"author":[{"embeddable":true,"href":"https:\/\/muycritico.com.ar\/web\/index.php?rest_route=\/wp\/v2\/users\/2"}],"replies":[{"embeddable":true,"href":"https:\/\/muycritico.com.ar\/web\/index.php?rest_route=%2Fwp%2Fv2%2Fcomments&post=1193"}],"version-history":[{"count":1,"href":"https:\/\/muycritico.com.ar\/web\/index.php?rest_route=\/wp\/v2\/posts\/1193\/revisions"}],"predecessor-version":[{"id":1195,"href":"https:\/\/muycritico.com.ar\/web\/index.php?rest_route=\/wp\/v2\/posts\/1193\/revisions\/1195"}],"wp:featuredmedia":[{"embeddable":true,"href":"https:\/\/muycritico.com.ar\/web\/index.php?rest_route=\/wp\/v2\/media\/1194"}],"wp:attachment":[{"href":"https:\/\/muycritico.com.ar\/web\/index.php?rest_route=%2Fwp%2Fv2%2Fmedia&parent=1193"}],"wp:term":[{"taxonomy":"category","embeddable":true,"href":"https:\/\/muycritico.com.ar\/web\/index.php?rest_route=%2Fwp%2Fv2%2Fcategories&post=1193"},{"taxonomy":"post_tag","embeddable":true,"href":"https:\/\/muycritico.com.ar\/web\/index.php?rest_route=%2Fwp%2Fv2%2Ftags&post=1193"}],"curies":[{"name":"wp","href":"https:\/\/api.w.org\/{rel}","templated":true}]}}