{"id":11916,"date":"2025-12-17T21:27:06","date_gmt":"2025-12-18T00:27:06","guid":{"rendered":"https:\/\/muycritico.com.ar\/web\/?p=11916"},"modified":"2026-01-18T19:03:36","modified_gmt":"2026-01-18T22:03:36","slug":"la-fabrica-municipal-cierra-el-ano-con-una-gran-feria-navidena-en-la-zona-sudeste","status":"publish","type":"post","link":"https:\/\/muycritico.com.ar\/web\/?p=11916","title":{"rendered":"LA F\u00c1BRICA MUNICIPAL CIERRA EL A\u00d1O CON UNA GRAN FERIA NAVIDE\u00d1A EN LA ZONA SUDESTE"},"content":{"rendered":"<p><strong>Este s\u00e1bado 20, de 15 a 22 hs, emprendedores locales ofrecer\u00e1n sus productos en avenida Disc\u00e9polo y G. Mors, en el barrio San Benito, con patio gastron\u00f3mico y shows en vivo.<\/strong><\/p>\n<p><!--more--><\/p>\n<p>La Municipalidad de Salta realizar\u00e1 este s\u00e1bado 20, una Feria de Navidad en la F\u00e1brica Municipal de Oficios, en el barrio San Benito, en la zona sudeste de la ciudad. La actividad se desarrollar\u00e1 de 15 a 22 hs., sobre avenida Disc\u00e9polo y G. Mors, con entrada libre y gratuita.<\/p>\n<p>La jornada contar\u00e1 con la participaci\u00f3n de emprendedores que forman parte de la F\u00e1brica Municipal, quienes podr\u00e1n exhibir y comercializar sus productos en su propio territorio, adem\u00e1s de un patio gastron\u00f3mico y una variada propuesta art\u00edstica con shows en vivo.<\/p>\n<p>Sobre el escenario se presentar\u00e1n Salamanka (folclore), Nachito Sentimiento (solista), Grupo Conjuro Salta, ganadores del Pre Cosqu\u00edn, y Mat\u00edas Villagra (folclore).<\/p>\n<p>Al respecto, la coordinadora de la F\u00e1brica Municipal, Claudia Vilte, destac\u00f3 la importancia del evento como cierre de un gran a\u00f1o.<\/p>\n<p>\u201cFue un a\u00f1o espectacular para la F\u00e1brica Municipal, una iniciativa del intendente, Emiliano Durand, que revolucion\u00f3 no solamente la ciudad, sino tambi\u00e9n el pa\u00eds\u00bb, afirm\u00f3 la funcionaria.<\/p>\n<p>Asimismo, indic\u00f3 que \u201csi bien muchos de los emprendedores ya participaron de la Expo el fin de semana pasado, quer\u00edamos estar tambi\u00e9n en su propio lugar, con una feria especial de Navidad, para que puedan vender sus productos y cerrar el a\u00f1o de la mejor manera\u201d.<\/p>\n<p><iframe loading=\"lazy\" title=\"La F\u00e1brica Municipal cierra el a\u00f1o con una gran Feria Navide\u00f1a en la zona sudeste\" width=\"696\" height=\"392\" src=\"https:\/\/www.youtube.com\/embed\/H9fA4VU7fe8?feature=oembed\" frameborder=\"0\" allow=\"accelerometer; autoplay; clipboard-write; encrypted-media; gyroscope; picture-in-picture; web-share\" referrerpolicy=\"strict-origin-when-cross-origin\" allowfullscreen><\/iframe><\/p>\n","protected":false},"excerpt":{"rendered":"<p>Este s\u00e1bado 20, de 15 a 22 hs, emprendedores locales ofrecer\u00e1n sus productos en avenida Disc\u00e9polo y G. Mors, en el barrio San Benito, con patio gastron\u00f3mico y shows en vivo.<\/p>\n","protected":false},"author":2,"featured_media":11917,"comment_status":"open","ping_status":"closed","sticky":false,"template":"","format":"standard","meta":{"footnotes":""},"categories":[6],"tags":[872],"class_list":["post-11916","post","type-post","status-publish","format-standard","has-post-thumbnail","hentry","category-notas","tag-victor-sacca"],"_links":{"self":[{"href":"https:\/\/muycritico.com.ar\/web\/index.php?rest_route=\/wp\/v2\/posts\/11916","targetHints":{"allow":["GET"]}}],"collection":[{"href":"https:\/\/muycritico.com.ar\/web\/index.php?rest_route=\/wp\/v2\/posts"}],"about":[{"href":"https:\/\/muycritico.com.ar\/web\/index.php?rest_route=\/wp\/v2\/types\/post"}],"author":[{"embeddable":true,"href":"https:\/\/muycritico.com.ar\/web\/index.php?rest_route=\/wp\/v2\/users\/2"}],"replies":[{"embeddable":true,"href":"https:\/\/muycritico.com.ar\/web\/index.php?rest_route=%2Fwp%2Fv2%2Fcomments&post=11916"}],"version-history":[{"count":1,"href":"https:\/\/muycritico.com.ar\/web\/index.php?rest_route=\/wp\/v2\/posts\/11916\/revisions"}],"predecessor-version":[{"id":11918,"href":"https:\/\/muycritico.com.ar\/web\/index.php?rest_route=\/wp\/v2\/posts\/11916\/revisions\/11918"}],"wp:featuredmedia":[{"embeddable":true,"href":"https:\/\/muycritico.com.ar\/web\/index.php?rest_route=\/wp\/v2\/media\/11917"}],"wp:attachment":[{"href":"https:\/\/muycritico.com.ar\/web\/index.php?rest_route=%2Fwp%2Fv2%2Fmedia&parent=11916"}],"wp:term":[{"taxonomy":"category","embeddable":true,"href":"https:\/\/muycritico.com.ar\/web\/index.php?rest_route=%2Fwp%2Fv2%2Fcategories&post=11916"},{"taxonomy":"post_tag","embeddable":true,"href":"https:\/\/muycritico.com.ar\/web\/index.php?rest_route=%2Fwp%2Fv2%2Ftags&post=11916"}],"curies":[{"name":"wp","href":"https:\/\/api.w.org\/{rel}","templated":true}]}}