{"id":11905,"date":"2025-12-17T15:07:47","date_gmt":"2025-12-17T18:07:47","guid":{"rendered":"https:\/\/muycritico.com.ar\/web\/?p=11905"},"modified":"2026-01-18T19:03:37","modified_gmt":"2026-01-18T22:03:37","slug":"reforma-laboral-el-kirchnerismo-impugno-la-composicion-de-las-comisiones-y-amenaza-con-ir-a-la-justicia","status":"publish","type":"post","link":"https:\/\/muycritico.com.ar\/web\/?p=11905","title":{"rendered":"REFORMA LABORAL: EL KIRCHNERISMO IMPUGN\u00d3 LA COMPOSICI\u00d3N DE LAS COMISIONES Y AMENAZA CON IR A LA JUSTICIA"},"content":{"rendered":"<p><strong>En una reuni\u00f3n que termin\u00f3 con Jos\u00e9 Mayans a los gritos contra Bullrich, qued\u00f3 constituida la comisi\u00f3n de Trabajo del Senado que, a partir de las 11, comenz\u00f3 a discutir el proyecto junto con Presupuesto y Hacienda<\/strong><\/p>\n<p><!--more--><\/p>\n<p>Como se preve\u00eda, el kirchnerismo se plant\u00f3 con argumentos reglamentarios y constitucionales contra la reforma laboral e impugn\u00f3 la composici\u00f3n de la Comisi\u00f3n de Trabajo, que es cabecera del tratamiento de la iniciativa enviada por el Poder Ejecutivo y que presidir\u00e1 Patricia Bullrich, jefa de la bancada libertaria en el Senado.<\/p>\n<p>\u201cSi as\u00ed inician un debate que cambia el derecho laboral de miles de argentinos, esto va derecho a los tribunales\u201d, advirti\u00f3 Jos\u00e9 Mayans (Formosa), presidente del interbloque Popular, nuevo nombre que adquiri\u00f3 la bancada kirchnerista en la C\u00e1mara alta.<\/p>\n<p>En la reuni\u00f3n constitutiva de la Comisi\u00f3n de Trabajo, Mayans plante\u00f3 la ilegalidad de la decisi\u00f3n adoptada por los jefes de bloque en una reuni\u00f3n celebrada el martes por no contar con el aval del pleno del cuerpo, tal como lo establece el art\u00edculo 14 del Reglamento del Senado.<\/p>\n<p>Seg\u00fan un informe de LA NACION, el principal enojo del kirchnerismo es la decisi\u00f3n, avalado por el resto de los bloques, de limitar a la bancada ahora llamada Popular a tan s\u00f3lo cinco representantes en todas las comisiones, tanto las de 17 como las de 19 miembros.<\/p>\n<p>Para Mayans, su bancada est\u00e1 subrepresentada ya que con 28 senadores tiene casi el 39% del total del Senado, por lo que les corresponder\u00eda tener siete miembros (6,5 para ser precisos) en cada comisi\u00f3n.<\/p>\n<p>En ese sentido, destac\u00f3 que tampoco la presidenta de la C\u00e1mara, la vicepresidenta Victoria Villarruel, contaba con las facultades delegadas por el cuerpo para integrar las comisiones.<\/p>\n<p>\u201cVienen con un atropello basado en una resoluci\u00f3n de bloques que no existen, de senadores que no existen\u201d, sentenci\u00f3 el jefe de la bancada kirchnerista, en alusi\u00f3n a la resoluci\u00f3n votada por el cuerpo en diciembre de 2023 que, seg\u00fan el bloque que preside Mayans, qued\u00f3 sin efecto tras el recambio de un tercio de la C\u00e1mara alta el pasado 10 de diciembre.<\/p>\n<p>La queja del kirchnerismo cay\u00f3 en saco roto. Bullrich pidi\u00f3 la palabra y con gesto impert\u00e9rrito le pidi\u00f3 al secretario Parlamentario, Agust\u00edn Giustini\u00e1n, que \u201cproceda a hacer lo que vinimos a hacer\u201d.<\/p>\n<p>As\u00ed fue como el libertario Bartolom\u00e9 Abdala (San Luis) tom\u00f3 la palabra y propuso a Bullrich para presidir la comisi\u00f3n. La moci\u00f3n se vot\u00f3 a mano alzada por unanimidad de los 12 integrantes nombrados \u2212hay cinco lugares vacantes a la espera de que se integre el kirchnerismo\u2212, lo que le permiti\u00f3 a la exministra de Seguridad hacerse cargo de la conducci\u00f3n de la reuni\u00f3n.<\/p>\n<p>En ese momento se vivi\u00f3 el momento de mayor tensi\u00f3n. Mayans se sent\u00f3 al lado de Bullrich en la mesa cabecera y empez\u00f3 a los gritos, fuera de micr\u00f3fono, dici\u00e9ndole a Bullrich \u201custed no puede hacer lo que est\u00e1 haciendo\u201d, en referencia a que la senadora libertaria pretend\u00eda ocupar la presidencia de la comisi\u00f3n.<\/p>\n<p>\u201cHacen lo que se les canta las pelotas\u201d, grit\u00f3 Mayans en el momento de mayor enojo. Bullrich no se inmut\u00f3 y, tambi\u00e9n a los gritos para poder alzar su voz por encima de la de Mayans, convoc\u00f3 a la Comisi\u00f3n de Trabajo para una hora y media despu\u00e9s con la intenci\u00f3n de comenzar a discutir el proyecto de reforma laboral.<\/p>\n<p>Entre los invitados a la reuni\u00f3n para explicar el proyecto de ley del oficialismo estuvieron el secretario de Trabajo, Julio Cordero, y la subsecretaria de Pol\u00edtica Industrial del Ministerio de Econom\u00eda, Daniela Ramos.<\/p>\n<p>El mismo esc\u00e1ndalo se reprodujo en la reuni\u00f3n constitutiva de la Comisi\u00f3n de Presupuesto y Hacienda. All\u00ed tambi\u00e9n el kirchnerismo impugn\u00f3 la legalidad de la convocatoria y de la decisi\u00f3n adoptada por la presidencia de la C\u00e1mara alta.<\/p>\n<p>Tras los reclamos, los miembros no kirchneristas de la comisi\u00f3n terminaron ratificando a Ezequiel Atauche (Jujuy) como presidente. Esta comisi\u00f3n junto a la de Trabajo tendr\u00e1 a su cargo el debate de la reforma laboral.<\/p>\n","protected":false},"excerpt":{"rendered":"<p>En una reuni\u00f3n que termin\u00f3 con Jos\u00e9 Mayans a los gritos contra Bullrich, qued\u00f3 constituida la comisi\u00f3n de Trabajo del Senado que, a partir de las 11, comenz\u00f3 a discutir el proyecto junto con Presupuesto y Hacienda<\/p>\n","protected":false},"author":2,"featured_media":11906,"comment_status":"open","ping_status":"closed","sticky":false,"template":"","format":"standard","meta":{"footnotes":""},"categories":[6],"tags":[872],"class_list":["post-11905","post","type-post","status-publish","format-standard","has-post-thumbnail","hentry","category-notas","tag-victor-sacca"],"_links":{"self":[{"href":"https:\/\/muycritico.com.ar\/web\/index.php?rest_route=\/wp\/v2\/posts\/11905","targetHints":{"allow":["GET"]}}],"collection":[{"href":"https:\/\/muycritico.com.ar\/web\/index.php?rest_route=\/wp\/v2\/posts"}],"about":[{"href":"https:\/\/muycritico.com.ar\/web\/index.php?rest_route=\/wp\/v2\/types\/post"}],"author":[{"embeddable":true,"href":"https:\/\/muycritico.com.ar\/web\/index.php?rest_route=\/wp\/v2\/users\/2"}],"replies":[{"embeddable":true,"href":"https:\/\/muycritico.com.ar\/web\/index.php?rest_route=%2Fwp%2Fv2%2Fcomments&post=11905"}],"version-history":[{"count":1,"href":"https:\/\/muycritico.com.ar\/web\/index.php?rest_route=\/wp\/v2\/posts\/11905\/revisions"}],"predecessor-version":[{"id":11907,"href":"https:\/\/muycritico.com.ar\/web\/index.php?rest_route=\/wp\/v2\/posts\/11905\/revisions\/11907"}],"wp:featuredmedia":[{"embeddable":true,"href":"https:\/\/muycritico.com.ar\/web\/index.php?rest_route=\/wp\/v2\/media\/11906"}],"wp:attachment":[{"href":"https:\/\/muycritico.com.ar\/web\/index.php?rest_route=%2Fwp%2Fv2%2Fmedia&parent=11905"}],"wp:term":[{"taxonomy":"category","embeddable":true,"href":"https:\/\/muycritico.com.ar\/web\/index.php?rest_route=%2Fwp%2Fv2%2Fcategories&post=11905"},{"taxonomy":"post_tag","embeddable":true,"href":"https:\/\/muycritico.com.ar\/web\/index.php?rest_route=%2Fwp%2Fv2%2Ftags&post=11905"}],"curies":[{"name":"wp","href":"https:\/\/api.w.org\/{rel}","templated":true}]}}