{"id":11897,"date":"2025-12-16T19:14:57","date_gmt":"2025-12-16T22:14:57","guid":{"rendered":"https:\/\/muycritico.com.ar\/web\/?p=11897"},"modified":"2026-01-18T19:03:37","modified_gmt":"2026-01-18T22:03:37","slug":"caso-federico-villagra-segun-el-cif-no-murio-por-los-golpes-sino-por-una-sepsis-generalizada","status":"publish","type":"post","link":"https:\/\/muycritico.com.ar\/web\/?p=11897","title":{"rendered":"CASO FEDERICO VILLAGRA: SEG\u00daN EL CIF NO MURI\u00d3 POR LOS GOLPES SINO POR UNA SEPSIS GENERALIZADA"},"content":{"rendered":"<p><strong>Federico Villagra, el joven oriundo de Aguaray que perdi\u00f3 la vida por lo que se supon\u00eda fue una feroz golpiza, seg\u00fan un informe presentado por el CIF, la causa de muerte obedecer\u00eda a lo que se definir\u00eda como una sepsis generalizada. Despu\u00e9s de 10 d\u00edas de internaci\u00f3n y tras intervenciones quir\u00fargicas, la v\u00edctima falleci\u00f3.<\/strong><\/p>\n<p><!--more--><\/p>\n<p>Seg\u00fan el informe del CIF, Federico Villagra no presentar\u00eda golpes que hayan sido determinantes para su fallecimiento. Seg\u00fan se indic\u00f3, el deceso se habr\u00eda producido como consecuencia de una sepsis generalizada, lo que podr\u00eda dar lugar a otra investigaci\u00f3n por posible mala praxis.<\/p>\n<p>\u201cEl cad\u00e1ver de Villagra no presenta signos de violencia, ni de defensa y el examen externo solo presenta injurias correspondientes a intervenciones m\u00e9dicas. En el examen interno se constatan lesiones equim\u00f3ticas en cr\u00e1neo, abdomen e intestino. Estas lesiones no tienen la magnitud suficiente para causar el deceso\u201d.<\/p>\n<p>En el mismo informe afirman que la muerte de Federico se produjo por falla multiorg\u00e1nica por sepsis.<\/p>\n<p>Seg\u00fan consigna INFORMATE SALTA, Gonzalo Maidana, abogado de uno de los detenidos, sostuvo que nunca existi\u00f3 una agresi\u00f3n en banda y que nunca fue privado de su libertad, y que el fallecimiento de Federico se produjo como consecuencia de una sepsis y no una golpiza: \u201cSi a una persona la agreden cuatro hombres, por lo menos deber\u00eda presentar golpes en el rostro. Pero eso no surge del informe del CIF ni de la historia cl\u00ednica\u201d.<\/p>\n<p>El abogado penalista coment\u00f3, seg\u00fan su conocimiento, que su defendido y otro de los detenidos llegaron al after donde consumieron bebidas alcoh\u00f3licas, en ese lugar discuti\u00f3 su defendido con Federico tras lo cual se reconciliaron, saliendo los tres sujetos a conseguir m\u00e1s bebidas alcoh\u00f3licas.<\/p>\n<p>En el transcurso, se detuvieron en un lugar donde tuvo lugar otro altercado entre Federico y otro de los detenidos, interviniendo uno de ellos reproch\u00e1ndole que le estaba pegando a un hombre de 54 a\u00f1os: \u201cSe intercambian algunos manotazos y Ortega reconoce haberle dado una trompada en el est\u00f3mago. Luego deciden retirarse y dejar a Federico en ese lugar\u201d.<\/p>\n<p>Los sujetos se dirigieron a denunciar la pelea en la comisaria donde no les habr\u00edan tomando la denuncia posiblemente por su estado de ebriedad, dijo el letrado, a lo que agreg\u00f3 que no intervinieron otras personas y que a uno de los detenidos lo fueron a buscar a un taller, asegurando testigos que estuvo con ellos el d\u00eda de la presunta agresi\u00f3n. Mientras que el pr\u00f3fugo ser\u00eda una persona con un grado notorio de discapacidad, finaliz\u00f3.<\/p>\n","protected":false},"excerpt":{"rendered":"<p>Federico Villagra, el joven oriundo de Aguaray que perdi\u00f3 la vida por lo que se supon\u00eda fue una feroz golpiza, seg\u00fan un informe presentado por el CIF, la causa de muerte obedecer\u00eda a lo que se definir\u00eda como una sepsis generalizada. Despu\u00e9s de 10 d\u00edas de internaci\u00f3n y tras intervenciones quir\u00fargicas, la v\u00edctima falleci\u00f3.<\/p>\n","protected":false},"author":2,"featured_media":11898,"comment_status":"open","ping_status":"closed","sticky":false,"template":"","format":"standard","meta":{"footnotes":""},"categories":[6],"tags":[872],"class_list":["post-11897","post","type-post","status-publish","format-standard","has-post-thumbnail","hentry","category-notas","tag-victor-sacca"],"_links":{"self":[{"href":"https:\/\/muycritico.com.ar\/web\/index.php?rest_route=\/wp\/v2\/posts\/11897","targetHints":{"allow":["GET"]}}],"collection":[{"href":"https:\/\/muycritico.com.ar\/web\/index.php?rest_route=\/wp\/v2\/posts"}],"about":[{"href":"https:\/\/muycritico.com.ar\/web\/index.php?rest_route=\/wp\/v2\/types\/post"}],"author":[{"embeddable":true,"href":"https:\/\/muycritico.com.ar\/web\/index.php?rest_route=\/wp\/v2\/users\/2"}],"replies":[{"embeddable":true,"href":"https:\/\/muycritico.com.ar\/web\/index.php?rest_route=%2Fwp%2Fv2%2Fcomments&post=11897"}],"version-history":[{"count":1,"href":"https:\/\/muycritico.com.ar\/web\/index.php?rest_route=\/wp\/v2\/posts\/11897\/revisions"}],"predecessor-version":[{"id":11899,"href":"https:\/\/muycritico.com.ar\/web\/index.php?rest_route=\/wp\/v2\/posts\/11897\/revisions\/11899"}],"wp:featuredmedia":[{"embeddable":true,"href":"https:\/\/muycritico.com.ar\/web\/index.php?rest_route=\/wp\/v2\/media\/11898"}],"wp:attachment":[{"href":"https:\/\/muycritico.com.ar\/web\/index.php?rest_route=%2Fwp%2Fv2%2Fmedia&parent=11897"}],"wp:term":[{"taxonomy":"category","embeddable":true,"href":"https:\/\/muycritico.com.ar\/web\/index.php?rest_route=%2Fwp%2Fv2%2Fcategories&post=11897"},{"taxonomy":"post_tag","embeddable":true,"href":"https:\/\/muycritico.com.ar\/web\/index.php?rest_route=%2Fwp%2Fv2%2Ftags&post=11897"}],"curies":[{"name":"wp","href":"https:\/\/api.w.org\/{rel}","templated":true}]}}