{"id":11894,"date":"2025-12-16T18:45:19","date_gmt":"2025-12-16T21:45:19","guid":{"rendered":"https:\/\/muycritico.com.ar\/web\/?p=11894"},"modified":"2026-01-18T19:03:37","modified_gmt":"2026-01-18T22:03:37","slug":"el-plan-de-repavimentacion-de-80-cuadras-esta-proximo-a-finalizar","status":"publish","type":"post","link":"https:\/\/muycritico.com.ar\/web\/?p=11894","title":{"rendered":"EL PLAN DE REPAVIMENTACI\u00d3N DE 80 CUADRAS EST\u00c1 PR\u00d3XIMO A FINALIZAR"},"content":{"rendered":"<p><strong>Los trabajos se desarrollan en los principales corredores viales del \u00e1rea centro de la ciudad con el fin de agilizar el tr\u00e1nsito y mejorar la seguridad vial. Esta semana se est\u00e1 trabajando en la Alsina, entre Zuvir\u00eda y De\u00e1n Funes y la Necochea, entre Zuvir\u00eda y Vicente L\u00f3pez.<\/strong><\/p>\n<p><!--more--><\/p>\n<p>En el marco del Plan de Recuperaci\u00f3n de Calles, la Municipalidad avanza con un amplio operativo de repavimentaci\u00f3n de calles del macrocentro de la ciudad que incluye 80 cuadras y tiene como fin mejorar la circulaci\u00f3n vehicular.<\/p>\n<p>Gast\u00f3n Viola, secretario de Obras P\u00fablicas, explic\u00f3 que \u201cest\u00e1 quedando el 3% del plan para poder finalizarlo, hemos podido desarrollarlo de manera muy satisfactoria teniendo en cuenta que se trata de arterias con constante circulaci\u00f3n\u201d.<\/p>\n<p>\u201cEsta semana estamos trabajando en la calle Alsina, entre Zuvir\u00eda y De\u00e1n Funes y en la Necochea, entre Zuvir\u00eda y Vicente L\u00f3pez\u201d, detall\u00f3 el funcionario, quien agreg\u00f3 que \u201cluego continuaremos en la calle Santiago del Estero, entre Sarmiento y Mitre para dar por finaliza las 80 cuadras previstas\u201d.<\/p>\n<p><iframe loading=\"lazy\" title=\"El plan de repavimentaci\u00f3n de 80 cuadras est\u00e1 pr\u00f3ximo a finalizar\" width=\"696\" height=\"392\" src=\"https:\/\/www.youtube.com\/embed\/g405k8QkGeI?feature=oembed\" frameborder=\"0\" allow=\"accelerometer; autoplay; clipboard-write; encrypted-media; gyroscope; picture-in-picture; web-share\" referrerpolicy=\"strict-origin-when-cross-origin\" allowfullscreen><\/iframe><\/p>\n<p>Los puntos donde se trabaj\u00f3 durante el a\u00f1o fueron los siguientes:<\/p>\n<ul>\n<li>Entre R\u00edos del 0 al 100<\/li>\n<li>Entre R\u00edos del 700 al 1000<\/li>\n<li>Entre R\u00edos del 1600 al 1800<\/li>\n<li>G\u00fcemes del 300 al 1300<\/li>\n<li>Santiago del 0 al 1100<\/li>\n<li>Sarmiento del 700 al 1400<\/li>\n<li>25 de Mayo del 200 al 700<\/li>\n<li>Alsina del 400 al 1000<\/li>\n<li>Mitre del 900 al 1300<\/li>\n<li>Vicente L\u00f3pez del 800 al 1150<\/li>\n<li>Bicentenario de la Batalla de Salta del 0 al 300<\/li>\n<li>Bicentenario de la Batalla de Salta del 1100 al 1250<\/li>\n<li>Zorrilla del 0 al 300<\/li>\n<li>Las Heras del 0 al 100<\/li>\n<li>Yrigoyen del 0 al 500<\/li>\n<li>San Mart\u00edn del 0 al 500<\/li>\n<li>San Luis del 700 al 1000<\/li>\n<li>Mendoza del 900 al 1400<\/li>\n<li>Pellegrini 300 al 500<\/li>\n<\/ul>\n<p>Es importante destacar que, al tratarse de asfalto, el tr\u00e1nsito es habilitado a las pocas horas de finalizado el trabajo.<\/p>\n","protected":false},"excerpt":{"rendered":"<p>Los trabajos se desarrollan en los principales corredores viales del \u00e1rea centro de la ciudad con el fin de agilizar el tr\u00e1nsito y mejorar la seguridad vial. Esta semana se est\u00e1 trabajando en la Alsina, entre Zuvir\u00eda y De\u00e1n Funes y la Necochea, entre Zuvir\u00eda y Vicente L\u00f3pez.<\/p>\n","protected":false},"author":2,"featured_media":11895,"comment_status":"open","ping_status":"closed","sticky":false,"template":"","format":"standard","meta":{"footnotes":""},"categories":[6],"tags":[872],"class_list":["post-11894","post","type-post","status-publish","format-standard","has-post-thumbnail","hentry","category-notas","tag-victor-sacca"],"_links":{"self":[{"href":"https:\/\/muycritico.com.ar\/web\/index.php?rest_route=\/wp\/v2\/posts\/11894","targetHints":{"allow":["GET"]}}],"collection":[{"href":"https:\/\/muycritico.com.ar\/web\/index.php?rest_route=\/wp\/v2\/posts"}],"about":[{"href":"https:\/\/muycritico.com.ar\/web\/index.php?rest_route=\/wp\/v2\/types\/post"}],"author":[{"embeddable":true,"href":"https:\/\/muycritico.com.ar\/web\/index.php?rest_route=\/wp\/v2\/users\/2"}],"replies":[{"embeddable":true,"href":"https:\/\/muycritico.com.ar\/web\/index.php?rest_route=%2Fwp%2Fv2%2Fcomments&post=11894"}],"version-history":[{"count":1,"href":"https:\/\/muycritico.com.ar\/web\/index.php?rest_route=\/wp\/v2\/posts\/11894\/revisions"}],"predecessor-version":[{"id":11896,"href":"https:\/\/muycritico.com.ar\/web\/index.php?rest_route=\/wp\/v2\/posts\/11894\/revisions\/11896"}],"wp:featuredmedia":[{"embeddable":true,"href":"https:\/\/muycritico.com.ar\/web\/index.php?rest_route=\/wp\/v2\/media\/11895"}],"wp:attachment":[{"href":"https:\/\/muycritico.com.ar\/web\/index.php?rest_route=%2Fwp%2Fv2%2Fmedia&parent=11894"}],"wp:term":[{"taxonomy":"category","embeddable":true,"href":"https:\/\/muycritico.com.ar\/web\/index.php?rest_route=%2Fwp%2Fv2%2Fcategories&post=11894"},{"taxonomy":"post_tag","embeddable":true,"href":"https:\/\/muycritico.com.ar\/web\/index.php?rest_route=%2Fwp%2Fv2%2Ftags&post=11894"}],"curies":[{"name":"wp","href":"https:\/\/api.w.org\/{rel}","templated":true}]}}