{"id":11888,"date":"2025-12-16T13:59:22","date_gmt":"2025-12-16T16:59:22","guid":{"rendered":"https:\/\/muycritico.com.ar\/web\/?p=11888"},"modified":"2026-01-18T19:03:37","modified_gmt":"2026-01-18T22:03:37","slug":"estrada-sin-fueros-citado-por-corrupcion","status":"publish","type":"post","link":"https:\/\/muycritico.com.ar\/web\/?p=11888","title":{"rendered":"ESTRADA SIN FUEROS, CITADO POR CORRUPCI\u00d3N"},"content":{"rendered":"<p><strong>La Justicia lo investiga por presunto peculado de servicios y abuso de autoridad. Tras la p\u00e9rdida de los fueros parlamentarios que trababan el avance del expediente, el diputado nacional mandato cumplido Emiliano Estrada fue citado a audiencia de imputaci\u00f3n para este jueves 18.<\/strong><\/p>\n<p><!--more--><\/p>\n<p>Luego de quedar sin fueros parlamentarios, el exdiputado nacional deber\u00e1 presentarse este jueves ante la Justicia para la audiencia de imputaci\u00f3n en una investigaci\u00f3n que lo tiene como principal acusado por los delitos de peculado de servicios y abuso de autoridad.<\/p>\n<p>El expediente se centra en el presunto uso indebido de recursos y personal del Estado con fines ajenos a la funci\u00f3n p\u00fablica, un punto que hab\u00eda quedado virtualmente paralizado mientras Estrada conservaba inmunidad parlamentaria. Con la finalizaci\u00f3n de su mandato y la consecuente p\u00e9rdida de los fueros, el proceso judicial qued\u00f3 despejado para avanzar.<\/p>\n<p>Cabe recordar que el exlegislador habr\u00eda utilizado empleados y servicios p\u00fablicos en beneficio propio, lo que encuadra \u2014de confirmarse\u2014 en figuras penales vinculadas al desv\u00edo de recursos estatales y al ejercicio irregular de la autoridad.<\/p>\n<p>En tanto la audiencia prevista marcar\u00e1 el inicio formal de la etapa de imputaci\u00f3n, donde el Ministerio P\u00fablico expondr\u00e1 los hechos atribuidos y la calificaci\u00f3n legal, mientras que la defensa podr\u00e1 fijar posici\u00f3n. A partir de all\u00ed, la causa ingresar\u00e1 en una fase decisiva, con medidas probatorias y eventuales definiciones procesales que podr\u00edan comprometer seriamente la situaci\u00f3n judicial del exdiputado.<\/p>\n","protected":false},"excerpt":{"rendered":"<p>La Justicia lo investiga por presunto peculado de servicios y abuso de autoridad. Tras la p\u00e9rdida de los fueros parlamentarios que trababan el avance del expediente, el diputado nacional mandato cumplido Emiliano Estrada fue citado a audiencia de imputaci\u00f3n para este jueves 18.<\/p>\n","protected":false},"author":2,"featured_media":6806,"comment_status":"open","ping_status":"closed","sticky":false,"template":"","format":"standard","meta":{"footnotes":""},"categories":[6],"tags":[872],"class_list":["post-11888","post","type-post","status-publish","format-standard","has-post-thumbnail","hentry","category-notas","tag-victor-sacca"],"_links":{"self":[{"href":"https:\/\/muycritico.com.ar\/web\/index.php?rest_route=\/wp\/v2\/posts\/11888","targetHints":{"allow":["GET"]}}],"collection":[{"href":"https:\/\/muycritico.com.ar\/web\/index.php?rest_route=\/wp\/v2\/posts"}],"about":[{"href":"https:\/\/muycritico.com.ar\/web\/index.php?rest_route=\/wp\/v2\/types\/post"}],"author":[{"embeddable":true,"href":"https:\/\/muycritico.com.ar\/web\/index.php?rest_route=\/wp\/v2\/users\/2"}],"replies":[{"embeddable":true,"href":"https:\/\/muycritico.com.ar\/web\/index.php?rest_route=%2Fwp%2Fv2%2Fcomments&post=11888"}],"version-history":[{"count":1,"href":"https:\/\/muycritico.com.ar\/web\/index.php?rest_route=\/wp\/v2\/posts\/11888\/revisions"}],"predecessor-version":[{"id":11889,"href":"https:\/\/muycritico.com.ar\/web\/index.php?rest_route=\/wp\/v2\/posts\/11888\/revisions\/11889"}],"wp:featuredmedia":[{"embeddable":true,"href":"https:\/\/muycritico.com.ar\/web\/index.php?rest_route=\/wp\/v2\/media\/6806"}],"wp:attachment":[{"href":"https:\/\/muycritico.com.ar\/web\/index.php?rest_route=%2Fwp%2Fv2%2Fmedia&parent=11888"}],"wp:term":[{"taxonomy":"category","embeddable":true,"href":"https:\/\/muycritico.com.ar\/web\/index.php?rest_route=%2Fwp%2Fv2%2Fcategories&post=11888"},{"taxonomy":"post_tag","embeddable":true,"href":"https:\/\/muycritico.com.ar\/web\/index.php?rest_route=%2Fwp%2Fv2%2Ftags&post=11888"}],"curies":[{"name":"wp","href":"https:\/\/api.w.org\/{rel}","templated":true}]}}