{"id":11885,"date":"2025-12-16T13:47:17","date_gmt":"2025-12-16T16:47:17","guid":{"rendered":"https:\/\/muycritico.com.ar\/web\/?p=11885"},"modified":"2026-01-18T19:03:37","modified_gmt":"2026-01-18T22:03:37","slug":"el-trabajo-coordinado-con-el-servicio-penitenciario-permitio-avanzar-en-causas-por-comercializacion-de-estupefacientes","status":"publish","type":"post","link":"https:\/\/muycritico.com.ar\/web\/?p=11885","title":{"rendered":"EL TRABAJO COORDINADO CON EL SERVICIO PENITENCIARIO PERMITI\u00d3 AVANZAR EN CAUSAS POR COMERCIALIZACI\u00d3N DE ESTUPEFACIENTES"},"content":{"rendered":"<p><strong>La investigaci\u00f3n se inscribe en una pol\u00edtica de control continuo, basada en la cooperaci\u00f3n interinstitucional, orientada a prevenir y erradicar la comercializaci\u00f3n de estupefacientes y otras pr\u00e1cticas il\u00edcitas que se presentan de manera recurrente en contextos de encierro.<\/strong><\/p>\n<p><!--more--><\/p>\n<p>El fiscal penal de la Unidad Fiscal contra la Narcocriminalidad (UFINAR), Leandro Flores, solicit\u00f3 el mantenimiento de la detenci\u00f3n de 20 personas \u20149 mujeres y 11 hombres, cuatro de ellas ya privadas de la libertad en la Unidad Carcelaria 1\u2014 imputadas de manera provisional por el delito de comercializaci\u00f3n de estupefacientes, conforme el grado de participaci\u00f3n atribuido a cada una.<\/p>\n<p>La investigaci\u00f3n se inici\u00f3 a partir de denuncias an\u00f3nimas y avanz\u00f3 mediante tareas de vigilancia, seguimiento y recolecci\u00f3n de informaci\u00f3n, lo que deriv\u00f3 en allanamientos simult\u00e1neos realizados en domicilios de la ciudad de Salta, Villa San Lorenzo y en cinco celdas de la Unidad Carcelaria 1 de Villa Las Rosas.<\/p>\n<p>En el marco de una pol\u00edtica de control continuo, la investigaci\u00f3n y los procedimientos se llevaron adelante a trav\u00e9s de un trabajo estrecho, sostenido y coordinado con las autoridades y el personal del Servicio Penitenciario, cuya participaci\u00f3n activa y permanente result\u00f3 determinante para la ejecuci\u00f3n eficaz de las medidas judiciales dispuestas y para el abordaje de una problem\u00e1tica recurrente en contextos de encierro.<\/p>\n<p>Al formular el pedido de continuidad de la detenci\u00f3n, el fiscal fundament\u00f3 su requerimiento en la naturaleza del delito investigado, la cantidad de personas imputadas y la necesidad de asegurar el normal avance de la investigaci\u00f3n, evitando posibles interferencias en la producci\u00f3n de prueba.<\/p>\n","protected":false},"excerpt":{"rendered":"<p>La investigaci\u00f3n se inscribe en una pol\u00edtica de control continuo, basada en la cooperaci\u00f3n interinstitucional, orientada a prevenir y erradicar la comercializaci\u00f3n de estupefacientes y otras pr\u00e1cticas il\u00edcitas que se presentan de manera recurrente en contextos de encierro.<\/p>\n","protected":false},"author":2,"featured_media":11886,"comment_status":"open","ping_status":"closed","sticky":false,"template":"","format":"standard","meta":{"footnotes":""},"categories":[6],"tags":[872],"class_list":["post-11885","post","type-post","status-publish","format-standard","has-post-thumbnail","hentry","category-notas","tag-victor-sacca"],"_links":{"self":[{"href":"https:\/\/muycritico.com.ar\/web\/index.php?rest_route=\/wp\/v2\/posts\/11885","targetHints":{"allow":["GET"]}}],"collection":[{"href":"https:\/\/muycritico.com.ar\/web\/index.php?rest_route=\/wp\/v2\/posts"}],"about":[{"href":"https:\/\/muycritico.com.ar\/web\/index.php?rest_route=\/wp\/v2\/types\/post"}],"author":[{"embeddable":true,"href":"https:\/\/muycritico.com.ar\/web\/index.php?rest_route=\/wp\/v2\/users\/2"}],"replies":[{"embeddable":true,"href":"https:\/\/muycritico.com.ar\/web\/index.php?rest_route=%2Fwp%2Fv2%2Fcomments&post=11885"}],"version-history":[{"count":1,"href":"https:\/\/muycritico.com.ar\/web\/index.php?rest_route=\/wp\/v2\/posts\/11885\/revisions"}],"predecessor-version":[{"id":11887,"href":"https:\/\/muycritico.com.ar\/web\/index.php?rest_route=\/wp\/v2\/posts\/11885\/revisions\/11887"}],"wp:featuredmedia":[{"embeddable":true,"href":"https:\/\/muycritico.com.ar\/web\/index.php?rest_route=\/wp\/v2\/media\/11886"}],"wp:attachment":[{"href":"https:\/\/muycritico.com.ar\/web\/index.php?rest_route=%2Fwp%2Fv2%2Fmedia&parent=11885"}],"wp:term":[{"taxonomy":"category","embeddable":true,"href":"https:\/\/muycritico.com.ar\/web\/index.php?rest_route=%2Fwp%2Fv2%2Fcategories&post=11885"},{"taxonomy":"post_tag","embeddable":true,"href":"https:\/\/muycritico.com.ar\/web\/index.php?rest_route=%2Fwp%2Fv2%2Ftags&post=11885"}],"curies":[{"name":"wp","href":"https:\/\/api.w.org\/{rel}","templated":true}]}}