{"id":11882,"date":"2025-12-15T21:37:51","date_gmt":"2025-12-16T00:37:51","guid":{"rendered":"https:\/\/muycritico.com.ar\/web\/?p=11882"},"modified":"2026-01-18T19:03:38","modified_gmt":"2026-01-18T22:03:38","slug":"saltenos-tengan-la-certeza-que-salta-es-y-sera-la-perla-del-norte-argentino","status":"publish","type":"post","link":"https:\/\/muycritico.com.ar\/web\/?p=11882","title":{"rendered":"\u201cSALTE\u00d1OS, TENGAN LA CERTEZA QUE SALTA ES Y SER\u00c1 LA PERLA DEL NORTE ARGENTINO\u201d"},"content":{"rendered":"<p><strong>Afirm\u00f3 S\u00e1enz en la asunci\u00f3n del nuevo gabinete. El Gobernador puso en funciones al nuevo Jefe de Gabinete, ministros de Gobierno y Justicia y al de Producci\u00f3n y Miner\u00eda, adem\u00e1s de los secretarios de Gobierno; de Justicia y el de Miner\u00eda. Asumi\u00f3 tambi\u00e9n la Subsecretaria de Vocer\u00eda y Comunicaci\u00f3n. \u201cUn nuevo equipo con una enorme responsabilidad, cerca de la gente y no tras un escritorio\u201d, dijo.<\/strong><\/p>\n<p><!--more--><\/p>\n<p>El gobernador Gustavo S\u00e1enz encabez\u00f3 el acto de jura de los nuevos integrantes del Gabinete provincial, formalizando la primera etapa de implementaci\u00f3n de la nueva Ley N\u00b0 8511 de Ministerios.<\/p>\n<p>En la ceremonia que se realiz\u00f3 en Casa de Gobierno, el gobernador S\u00e1enz tom\u00f3 juramento a Sergio Camacho como jefe de Gabinete de Ministros, y posteriormente juraron Ignacio Jars\u00fan como ministro de Gobierno y Justicia y Jos\u00e9 Ignacio Lupi\u00f3n, como ministro de Producci\u00f3n y Miner\u00eda.<\/p>\n<p>En el mismo acto, asumieron los nuevos secretarios del Poder Ejecutivo Provincial: de Gobierno, Oriana N\u00e9vora; de Justicia, Javier M\u00f3nico Graciano y el Secretario Miner\u00eda, Gustavo Carrizo. Asimismo el mandatario entreg\u00f3 el decreto de designaci\u00f3n y puso en funciones a la subsecretaria de Vocer\u00eda y Comunicaci\u00f3n, Ana Paula Benavides.<\/p>\n<p><iframe loading=\"lazy\" title=\"&quot;Salta es y ser\u00e1 la perla del norte argentino\u201d, afirm\u00f3 S\u00e1enz en la asunci\u00f3n del nuevo gabinete\" width=\"696\" height=\"392\" src=\"https:\/\/www.youtube.com\/embed\/hiQrOIqJsNU?feature=oembed\" frameborder=\"0\" allow=\"accelerometer; autoplay; clipboard-write; encrypted-media; gyroscope; picture-in-picture; web-share\" referrerpolicy=\"strict-origin-when-cross-origin\" allowfullscreen><\/iframe><\/p>\n<p>\u201cHoy es un d\u00eda de balance del a\u00f1o y de evaluar c\u00f3mo nos fue, que falt\u00f3 y que necesitamos\u201d, dijo el Gobernador al agradecer a su equipo. Indic\u00f3 que \u201cluego de seis a\u00f1os de gesti\u00f3n, con desaf\u00edos constantes, pusimos todo nuestro esfuerzo, con compromiso, trabajando para cada uno de los salte\u00f1os\u201d.<\/p>\n<p>Destac\u00f3 especialmente a los ministros salientes por su labor y asegur\u00f3 que las pol\u00edticas implementadas en las respectivas carteras \u201cdejaron huellas y cada uno seguir\u00e1 aportando para construir la Salta que queremos\u201d.<\/p>\n<p>Igualmente, destac\u00f3 que el federalismo \u201cque pregono, lo pongo en pr\u00e1ctica. Hoy todo el Ministerio de Gobierno est\u00e1 integrado por hombres y mujeres del interior de la provincia que tambi\u00e9n van a trabajar junto a cada uno de los intendentes, senadores y legisladores\u201d.<\/p>\n<p>Explicit\u00f3 que la nueva estructura, se debe a \u201cla decisi\u00f3n de achicar el Estado, hacerlo m\u00e1s eficaz, y m\u00e1s ejecutivo. Tenemos que estar al lado de la gente y priorizar\u201d, afirm\u00f3.<\/p>\n<p>En un contexto nacional \u201ccon un pa\u00eds destrozado por el discurso del odio, con ret\u00f3ricas fundamentalistas de un lado y del otro, en el medio est\u00e1n los argentinos esperando que nos pongamos de acuerdo\u201d, dijo el Gobernador quien nuevamente breg\u00f3 por el reencuentro nacional y encontrar los puntos en com\u00fan.<\/p>\n<p>Reiter\u00f3 su invitaci\u00f3n a todo el arco pol\u00edtico, \u201ca todos los legisladores, nacionales, provinciales, a los que est\u00e1n de acuerdo y a los que no est\u00e1n de acuerdo con el gobierno, para que pensemos en las pr\u00f3ximas generaciones, no en las pr\u00f3ximas elecciones. Tengamos una pol\u00edtica a mediano y largo plazo, porque somos tan fugaces que tenemos la obligaci\u00f3n de dejar huellas trascendentes\u201d.<\/p>\n<p><iframe loading=\"lazy\" title=\"&quot;Salta es y ser\u00e1 la perla del norte argentino\u201d, afirm\u00f3 S\u00e1enz en la asunci\u00f3n del nuevo gabinete\" width=\"696\" height=\"392\" src=\"https:\/\/www.youtube.com\/embed\/mA_yFa_a98E?feature=oembed\" frameborder=\"0\" allow=\"accelerometer; autoplay; clipboard-write; encrypted-media; gyroscope; picture-in-picture; web-share\" referrerpolicy=\"strict-origin-when-cross-origin\" allowfullscreen><\/iframe><\/p>\n<p>El Gobernador asegur\u00f3: \u201cHoy quiero transmitirles no esperanzas, sino la certeza de que Salta es y ser\u00e1 la perla del norte argentino. Seguiremos creciendo para demostrar que no necesitamos que nos den nada; que lo \u00fanico que necesitamos es una mirada federal, lo que siempre nos negaron desde el centro del pa\u00eds. Solo es mirar hacia el norte\u201d.<\/p>\n<p>Inst\u00f3 a los funcionarios nacionales \u201ca recorrer el norte profundo de la patria, porque no pedimos nada que no nos merezcamos, no pedimos limosna, sino lo que nos corresponde y vamos a pelear por eso\u201d, finaliz\u00f3.<\/p>\n<p>Participaron de la ceremonia, el vicegobernador Antonio Marocco, el vicepresidente de la C\u00e1mara de Senadores, Mashur Lapad; el presidente de la C\u00e1mara de Diputados, Esteban Amat; la presidente de la Corte de Justicia de Salta, Teresa Ovejero; intendentes, ministros y funcionarios del Ejecutivo, legisladores, entre otros.<\/p>\n","protected":false},"excerpt":{"rendered":"<p>Afirm\u00f3 S\u00e1enz en la asunci\u00f3n del nuevo gabinete. El Gobernador puso en funciones al nuevo Jefe de Gabinete, ministros de Gobierno y Justicia y al de Producci\u00f3n y Miner\u00eda, adem\u00e1s de los secretarios de Gobierno; de Justicia y el de Miner\u00eda. Asumi\u00f3 tambi\u00e9n la Subsecretaria de Vocer\u00eda y Comunicaci\u00f3n. \u201cUn nuevo equipo con una enorme [&hellip;]<\/p>\n","protected":false},"author":2,"featured_media":11883,"comment_status":"open","ping_status":"closed","sticky":false,"template":"","format":"standard","meta":{"footnotes":""},"categories":[6],"tags":[872],"class_list":["post-11882","post","type-post","status-publish","format-standard","has-post-thumbnail","hentry","category-notas","tag-victor-sacca"],"_links":{"self":[{"href":"https:\/\/muycritico.com.ar\/web\/index.php?rest_route=\/wp\/v2\/posts\/11882","targetHints":{"allow":["GET"]}}],"collection":[{"href":"https:\/\/muycritico.com.ar\/web\/index.php?rest_route=\/wp\/v2\/posts"}],"about":[{"href":"https:\/\/muycritico.com.ar\/web\/index.php?rest_route=\/wp\/v2\/types\/post"}],"author":[{"embeddable":true,"href":"https:\/\/muycritico.com.ar\/web\/index.php?rest_route=\/wp\/v2\/users\/2"}],"replies":[{"embeddable":true,"href":"https:\/\/muycritico.com.ar\/web\/index.php?rest_route=%2Fwp%2Fv2%2Fcomments&post=11882"}],"version-history":[{"count":1,"href":"https:\/\/muycritico.com.ar\/web\/index.php?rest_route=\/wp\/v2\/posts\/11882\/revisions"}],"predecessor-version":[{"id":11884,"href":"https:\/\/muycritico.com.ar\/web\/index.php?rest_route=\/wp\/v2\/posts\/11882\/revisions\/11884"}],"wp:featuredmedia":[{"embeddable":true,"href":"https:\/\/muycritico.com.ar\/web\/index.php?rest_route=\/wp\/v2\/media\/11883"}],"wp:attachment":[{"href":"https:\/\/muycritico.com.ar\/web\/index.php?rest_route=%2Fwp%2Fv2%2Fmedia&parent=11882"}],"wp:term":[{"taxonomy":"category","embeddable":true,"href":"https:\/\/muycritico.com.ar\/web\/index.php?rest_route=%2Fwp%2Fv2%2Fcategories&post=11882"},{"taxonomy":"post_tag","embeddable":true,"href":"https:\/\/muycritico.com.ar\/web\/index.php?rest_route=%2Fwp%2Fv2%2Ftags&post=11882"}],"curies":[{"name":"wp","href":"https:\/\/api.w.org\/{rel}","templated":true}]}}