{"id":11879,"date":"2025-12-15T20:09:04","date_gmt":"2025-12-15T23:09:04","guid":{"rendered":"https:\/\/muycritico.com.ar\/web\/?p=11879"},"modified":"2026-01-18T19:03:38","modified_gmt":"2026-01-18T22:03:38","slug":"bettina-romero-libertaria","status":"publish","type":"post","link":"https:\/\/muycritico.com.ar\/web\/?p=11879","title":{"rendered":"\u00bfBETTINA ROMERO LIBERTARIA?"},"content":{"rendered":"<p><strong>En distintos barrios de zona sur y sudeste de la ciudad se pueden ver murales que proponen a la ex intendenta como candidata de La Libertad Avanza. \u00bfSer\u00e1 la nueva carta que apuesta la ex intendenta tras su deplorable paso por el CCM?<\/strong><\/p>\n<p><!--more--><\/p>\n<p>En los \u00faltimos d\u00edas la ex intendenta Bettina Romero estuvo muy activa en sus apariciones p\u00fablicas. Tanto criticando al actual intendente y luego respondiendo a las r\u00e9plicas de Emiliano Durand, quien afirm\u00f3 que \u00e9l en dos a\u00f1os hizo mucho m\u00e1s que ella en los cuatro que estuvo.<\/p>\n<p>Pero la heredera de la dinast\u00eda pol\u00edtica Romero volvi\u00f3 a ser noticia pero no en carne propia, sino en pintadas sugerentes de su afinidad con la Libertad avanza. Justamente d\u00edas pasados se la se\u00f1al\u00f3 como que hab\u00eda salido a tirar curriculum para que desde ese espacio comiencen a tenerla en cuenta y al parecer las pintadas podr\u00edan fortalecer ese v\u00ednculo que Bettina tanto a\u00f1ora.<\/p>\n<p>Seg\u00fan informa la prensa local algunos barrios de la ciudad de Salta lucen pintadas que vinculan a la ex intendenta, Bettina Romero, con La Libertad Avanza, de cara a las elecciones de 2027. El v\u00ednculo de Romero con los libertarios todav\u00eda no es una realidad, pero el acercamiento de la ex intendenta es expl\u00edcito, con apoyos a las pol\u00edticas del presidente de la Naci\u00f3n y rechazo a la gesti\u00f3n actual en la ciudad, afirma el portal CUARTO.<\/p>\n<p>Adem\u00e1s, el padre de Bettina Romero, el ex gobernador Juan Carlos Romero, fue hasta este a\u00f1o un gran aliado de La Libertad Avanza en el Senado de la Naci\u00f3n.<\/p>\n","protected":false},"excerpt":{"rendered":"<p>En distintos barrios de zona sur y sudeste de la ciudad se pueden ver murales que proponen a la ex intendenta como candidata de La Libertad Avanza. \u00bfSer\u00e1 la nueva carta que apuesta la ex intendenta tras su deplorable paso por el CCM?<\/p>\n","protected":false},"author":2,"featured_media":11880,"comment_status":"open","ping_status":"closed","sticky":false,"template":"","format":"standard","meta":{"footnotes":""},"categories":[6],"tags":[872],"class_list":["post-11879","post","type-post","status-publish","format-standard","has-post-thumbnail","hentry","category-notas","tag-victor-sacca"],"_links":{"self":[{"href":"https:\/\/muycritico.com.ar\/web\/index.php?rest_route=\/wp\/v2\/posts\/11879","targetHints":{"allow":["GET"]}}],"collection":[{"href":"https:\/\/muycritico.com.ar\/web\/index.php?rest_route=\/wp\/v2\/posts"}],"about":[{"href":"https:\/\/muycritico.com.ar\/web\/index.php?rest_route=\/wp\/v2\/types\/post"}],"author":[{"embeddable":true,"href":"https:\/\/muycritico.com.ar\/web\/index.php?rest_route=\/wp\/v2\/users\/2"}],"replies":[{"embeddable":true,"href":"https:\/\/muycritico.com.ar\/web\/index.php?rest_route=%2Fwp%2Fv2%2Fcomments&post=11879"}],"version-history":[{"count":1,"href":"https:\/\/muycritico.com.ar\/web\/index.php?rest_route=\/wp\/v2\/posts\/11879\/revisions"}],"predecessor-version":[{"id":11881,"href":"https:\/\/muycritico.com.ar\/web\/index.php?rest_route=\/wp\/v2\/posts\/11879\/revisions\/11881"}],"wp:featuredmedia":[{"embeddable":true,"href":"https:\/\/muycritico.com.ar\/web\/index.php?rest_route=\/wp\/v2\/media\/11880"}],"wp:attachment":[{"href":"https:\/\/muycritico.com.ar\/web\/index.php?rest_route=%2Fwp%2Fv2%2Fmedia&parent=11879"}],"wp:term":[{"taxonomy":"category","embeddable":true,"href":"https:\/\/muycritico.com.ar\/web\/index.php?rest_route=%2Fwp%2Fv2%2Fcategories&post=11879"},{"taxonomy":"post_tag","embeddable":true,"href":"https:\/\/muycritico.com.ar\/web\/index.php?rest_route=%2Fwp%2Fv2%2Ftags&post=11879"}],"curies":[{"name":"wp","href":"https:\/\/api.w.org\/{rel}","templated":true}]}}