{"id":11873,"date":"2025-12-15T16:06:47","date_gmt":"2025-12-15T19:06:47","guid":{"rendered":"https:\/\/muycritico.com.ar\/web\/?p=11873"},"modified":"2026-01-18T19:03:38","modified_gmt":"2026-01-18T22:03:38","slug":"bullrich-denuncio-a-chiqui-tapia-y-a-toviggino-ante-el-comite-de-etica-de-la-conmebol","status":"publish","type":"post","link":"https:\/\/muycritico.com.ar\/web\/?p=11873","title":{"rendered":"BULLRICH DENUNCI\u00d3 A \u201cCHIQUI\u201d TAPIA Y A TOVIGGINO ANTE EL COMIT\u00c9 DE \u00c9TICA DE LA CONMEBOL"},"content":{"rendered":"<p><strong>La jefa de bloque de LLA en el Senado acus\u00f3 por presuntas irregularidades en su accionar al titular y al tesorero de la AFA. \u201cTienen un manejo turbio del dinero\u201d, se\u00f1al\u00f3. Foto: NA<\/strong><\/p>\n<p><!--more--><\/p>\n<p>Patricia Bullrich denunci\u00f3 a Claudio \u201cChiqui\u201d Tapia y a Pablo Toviggino ante el Comit\u00e9 de \u00c9tica de la Confederaci\u00f3n Sudamericana de F\u00fatbol (CONMEBOL): \u201cDeben investigar a fondo a esta mafia\u201d, reclam\u00f3.<\/p>\n<p>La presentaci\u00f3n de la jefa de bloque de La Libertad Avanza en el Senado alcanza al jefe de la Asociaci\u00f3n del F\u00fatbol Argentino (AFA) y a su mano derecha y Tesorero del organismo, por presuntas irregularidades.<\/p>\n<p>La exministra de Seguridad adjunt\u00f3 la presentaci\u00f3n en su cuenta de X, con advertencias por \u201cpresuntas violaciones al C\u00f3digo de \u00c9tica de la CONMEBOL y a la Pol\u00edtica Anticorrupci\u00f3n, Antisoborno y de Cumplimiento de la CONMEBOL\u201d.<\/p>\n<p>Bullrich detall\u00f3 que las acusaciones son \u201cen particular en lo relativo a los principios de integridad, deber fiduciario, conflicto de intereses, transparencia en las contrataciones, uso adecuado de recursos, y prevenci\u00f3n del lavado de activos dentro de las federaciones miembro\u201d.<\/p>\n<p>La exfuncionaria le pidi\u00f3 al Tribunal de \u00c9tica de la CONMEBOL \u201cla apertura de una investigaci\u00f3n preliminar conforme al C\u00f3digo de \u00c9tica vigente, la evaluaci\u00f3n de las conductas denunciadas a la luz de la Pol\u00edtica Anticorrupci\u00f3n, Antisoborno y de Cumplimiento, y la adopci\u00f3n de las medidas que correspondan, incluidas sanciones disciplinarias, en caso de acreditarse las violaciones denunciadas\u201d.<\/p>\n<p>La senadora de LLA le reclam\u00f3 a la CONMEBOL que investigue \u201ca fondo a esta mafia que conduce la AFA y ensucia al f\u00fatbol argentino\u201d: \u201cA las mansiones, Ferraris y toda esa plata sucia que venimos viendo en los noticieros, me pregunto: \u00bfD\u00f3nde est\u00e1 la plata que entra por la publicidad y por la Selecci\u00f3n? \u00bfPor qu\u00e9 los premios a los campeones son m\u00e1s bajos que los vuelos de Tapia por el mundo? \u00bfSur Finanzas manejando deudas de clubes a cambio de favores y votos? \u00bfQu\u00e9 pasa con las contrataciones a empresas propias? \u00bfY la retenci\u00f3n de aportes? La lista de irregularidades y manejo turbio del dinero es interminable. Si las hacen, las tienen que pagar. Corta\u201d, seg\u00fan consigna TN.<\/p>\n<p><strong>Las claves de la denuncia de Patricia Bullrich a Carlos Tapia y Pablo Toviggino ante la CONMEBOL<\/strong><\/p>\n<p>\u201cInvestigaci\u00f3n judicial en curso por presunto uso de sociedades interpuestas, adquisici\u00f3n de bienes de alt\u00edsimo valor mediante sociedades vinculadas al entorno dirigencial, contrataciones directas entre la AFA y empresas vinculadas, incremento patrimonial abrupto e incompatible, otras investigaciones administrativas y fiscales contra la AFA\u201d.<\/p>\n<ul>\n<li>\u201cLa Pol\u00edtica Anticorrupci\u00f3n, Antisoborno y de Cumplimiento de la CONMEBOL proh\u00edbe de manera expresa la participaci\u00f3n directa o indirecta en actos de corrupci\u00f3n, lavado de dinero y ocultamiento patrimonial, y establece la obligaci\u00f3n de investigar, documentar y sancionar tales pr\u00e1cticas, con independencia del cargo jer\u00e1rquico de las personas involucradas&#8221;.<\/li>\n<li>\u201cLos denunciados, Tapia y Toviggino, revisten la calidad de dirigentes de una asociaci\u00f3n miembro de la CONMEBOL, ocupando cargos ejecutivos de m\u00e1xima jerarqu\u00eda (presidente y Tesorero de la AFA)\u201d.<\/li>\n<li>\u201cEl C\u00f3digo de \u00c9tica de la CONMEBOL resulta aplicable a todas las personas que ejerzan funciones oficiales, ejecutivas o administrativas dentro de asociaciones miembro, con independencia de que los hechos denunciados se encuentren bajo investigaci\u00f3n de autoridades judiciales nacionales\u201d.<\/li>\n<li>\u201cLos hechos denunciados se vinculan directamente con: presuntas pr\u00e1cticas de corrupci\u00f3n y lavado de activos; posibles conflictos de intereses en contrataciones de la AFA; uso indebido o no transparente de recursos dentro de una federaci\u00f3n afiliada; incumplimiento de los deberes de integridad, lealtad institucional y buena gobernanza\u201d.<\/li>\n<\/ul>\n","protected":false},"excerpt":{"rendered":"<p>La jefa de bloque de LLA en el Senado acus\u00f3 por presuntas irregularidades en su accionar al titular y al tesorero de la AFA. \u201cTienen un manejo turbio del dinero\u201d, se\u00f1al\u00f3. Foto: NA<\/p>\n","protected":false},"author":2,"featured_media":11874,"comment_status":"open","ping_status":"closed","sticky":false,"template":"","format":"standard","meta":{"footnotes":""},"categories":[6],"tags":[872],"class_list":["post-11873","post","type-post","status-publish","format-standard","has-post-thumbnail","hentry","category-notas","tag-victor-sacca"],"_links":{"self":[{"href":"https:\/\/muycritico.com.ar\/web\/index.php?rest_route=\/wp\/v2\/posts\/11873","targetHints":{"allow":["GET"]}}],"collection":[{"href":"https:\/\/muycritico.com.ar\/web\/index.php?rest_route=\/wp\/v2\/posts"}],"about":[{"href":"https:\/\/muycritico.com.ar\/web\/index.php?rest_route=\/wp\/v2\/types\/post"}],"author":[{"embeddable":true,"href":"https:\/\/muycritico.com.ar\/web\/index.php?rest_route=\/wp\/v2\/users\/2"}],"replies":[{"embeddable":true,"href":"https:\/\/muycritico.com.ar\/web\/index.php?rest_route=%2Fwp%2Fv2%2Fcomments&post=11873"}],"version-history":[{"count":1,"href":"https:\/\/muycritico.com.ar\/web\/index.php?rest_route=\/wp\/v2\/posts\/11873\/revisions"}],"predecessor-version":[{"id":11875,"href":"https:\/\/muycritico.com.ar\/web\/index.php?rest_route=\/wp\/v2\/posts\/11873\/revisions\/11875"}],"wp:featuredmedia":[{"embeddable":true,"href":"https:\/\/muycritico.com.ar\/web\/index.php?rest_route=\/wp\/v2\/media\/11874"}],"wp:attachment":[{"href":"https:\/\/muycritico.com.ar\/web\/index.php?rest_route=%2Fwp%2Fv2%2Fmedia&parent=11873"}],"wp:term":[{"taxonomy":"category","embeddable":true,"href":"https:\/\/muycritico.com.ar\/web\/index.php?rest_route=%2Fwp%2Fv2%2Fcategories&post=11873"},{"taxonomy":"post_tag","embeddable":true,"href":"https:\/\/muycritico.com.ar\/web\/index.php?rest_route=%2Fwp%2Fv2%2Ftags&post=11873"}],"curies":[{"name":"wp","href":"https:\/\/api.w.org\/{rel}","templated":true}]}}