{"id":11870,"date":"2025-12-15T15:45:28","date_gmt":"2025-12-15T18:45:28","guid":{"rendered":"https:\/\/muycritico.com.ar\/web\/?p=11870"},"modified":"2026-01-18T19:03:38","modified_gmt":"2026-01-18T22:03:38","slug":"saenz-tomara-juramento-al-nuevo-jefe-de-gabinete-a-ministros-y-secretarios-del-ejecutivo-provincial","status":"publish","type":"post","link":"https:\/\/muycritico.com.ar\/web\/?p=11870","title":{"rendered":"S\u00c1ENZ TOMAR\u00c1 JURAMENTO AL NUEVO JEFE DE GABINETE, A MINISTROS Y SECRETARIOS DEL EJECUTIVO PROVINCIAL"},"content":{"rendered":"<p><strong>El acto de asunci\u00f3n se cumplir\u00e1 esta tarde a partir de las 18 en el sal\u00f3n Gobernador Mart\u00edn Miguel de G\u00fcemes de Casa de Gobierno<\/strong><\/p>\n<p><!--more--><\/p>\n<p>El gobernador Gustavo S\u00e1enz presidir\u00e1 esta tarde el acto de jura de los nuevos integrantes del Gabinete provincial, formalizando la primera etapa de implementaci\u00f3n de la nueva Ley de Ministerios.<\/p>\n<p>La ceremonia est\u00e1 programada para las 18 en el sal\u00f3n Gobernador Mart\u00edn Miguel de G\u00fcemes de Casa de Gobierno.<\/p>\n<p>Primeramente, el gobernador S\u00e1enz tomar\u00e1 juramento a Sergio Camacho como jefe de Gabinete, y posteriormente har\u00e1 lo propio con Ignacio Jars\u00fan como ministro de Gobierno y Justicia e Ignacio Lupi\u00f3n, como ministro de Producci\u00f3n y Miner\u00eda.<\/p>\n<p>En el mismo acto, asumir\u00e1n los nuevos secretarios del Poder Ejecutivo Provincial. El acto se transmitir\u00e1 por las redes sociales del Gobierno de la Provincia de Salta: <a href=\"https:\/\/www.youtube.com\/GobiernodeSaltaOficial\">https:\/\/www.youtube.com\/GobiernodeSaltaOficial<\/a><\/p>\n","protected":false},"excerpt":{"rendered":"<p>El acto de asunci\u00f3n se cumplir\u00e1 esta tarde a partir de las 18 en el sal\u00f3n Gobernador Mart\u00edn Miguel de G\u00fcemes de Casa de Gobierno<\/p>\n","protected":false},"author":2,"featured_media":11871,"comment_status":"open","ping_status":"closed","sticky":false,"template":"","format":"standard","meta":{"footnotes":""},"categories":[6],"tags":[872],"class_list":["post-11870","post","type-post","status-publish","format-standard","has-post-thumbnail","hentry","category-notas","tag-victor-sacca"],"_links":{"self":[{"href":"https:\/\/muycritico.com.ar\/web\/index.php?rest_route=\/wp\/v2\/posts\/11870","targetHints":{"allow":["GET"]}}],"collection":[{"href":"https:\/\/muycritico.com.ar\/web\/index.php?rest_route=\/wp\/v2\/posts"}],"about":[{"href":"https:\/\/muycritico.com.ar\/web\/index.php?rest_route=\/wp\/v2\/types\/post"}],"author":[{"embeddable":true,"href":"https:\/\/muycritico.com.ar\/web\/index.php?rest_route=\/wp\/v2\/users\/2"}],"replies":[{"embeddable":true,"href":"https:\/\/muycritico.com.ar\/web\/index.php?rest_route=%2Fwp%2Fv2%2Fcomments&post=11870"}],"version-history":[{"count":1,"href":"https:\/\/muycritico.com.ar\/web\/index.php?rest_route=\/wp\/v2\/posts\/11870\/revisions"}],"predecessor-version":[{"id":11872,"href":"https:\/\/muycritico.com.ar\/web\/index.php?rest_route=\/wp\/v2\/posts\/11870\/revisions\/11872"}],"wp:featuredmedia":[{"embeddable":true,"href":"https:\/\/muycritico.com.ar\/web\/index.php?rest_route=\/wp\/v2\/media\/11871"}],"wp:attachment":[{"href":"https:\/\/muycritico.com.ar\/web\/index.php?rest_route=%2Fwp%2Fv2%2Fmedia&parent=11870"}],"wp:term":[{"taxonomy":"category","embeddable":true,"href":"https:\/\/muycritico.com.ar\/web\/index.php?rest_route=%2Fwp%2Fv2%2Fcategories&post=11870"},{"taxonomy":"post_tag","embeddable":true,"href":"https:\/\/muycritico.com.ar\/web\/index.php?rest_route=%2Fwp%2Fv2%2Ftags&post=11870"}],"curies":[{"name":"wp","href":"https:\/\/api.w.org\/{rel}","templated":true}]}}