{"id":1187,"date":"2024-03-14T16:18:11","date_gmt":"2024-03-14T19:18:11","guid":{"rendered":"https:\/\/muycritico.com.ar\/web\/?p=1187"},"modified":"2026-01-18T19:25:39","modified_gmt":"2026-01-18T22:25:39","slug":"comenzo-el-juicio-por-el-homicidio-en-el-parque-san-martin","status":"publish","type":"post","link":"https:\/\/muycritico.com.ar\/web\/?p=1187","title":{"rendered":"COMENZ\u00d3 EL JUICIO POR EL HOMICIDIO EN EL PARQUE SAN MART\u00cdN"},"content":{"rendered":"<p><strong>En la Sala I del Tribunal de Juicio comenz\u00f3 hoy la audiencia de debate seguida por el homicidio de Alex Nahuel Vilte Mart\u00ednez (21), ocurrido en octubre de 2021 en el parque San Mart\u00edn. La audiencia de debate \u2013con seis imputados\u2013 es presidida por el juez\u00a0 Leonardo Gabriel Feans. La defensa de los acusados est\u00e1 a cargo de Marcelo Arancibia y Marcelo Arancibia (hijo), Sandra Ortiz y Carlos Genovese. Est\u00e1 previsto que la audiencia se extienda hasta el 28 de marzo.<\/strong><\/p>\n<p><!--more--><\/p>\n<p>Jhujanny Rafael Barreto Falc\u00f3n, alias \u201cChino\u201d, est\u00e1 acusado por el delito de homicidio agravado por la participaci\u00f3n de un menor de edad, en concurso real con lesiones leves.<\/p>\n<p>Los otros imputados en la causa son M. J. Q. (menor al momento del hecho), por homicidio simple en concurso real con amenazas con armas (dos hechos); H\u00e9ctor Javier Ponce Leal, por amenazas (tres hechos); Alejandra Quinteros, por amenazas con armas agravadas por la intervenci\u00f3n de un menor de edad (dos hechos), amenazas, lesiones leves agravadas por la intervenci\u00f3n de un menor de edad; Yanela Daiana Saavedra Tom\u00e9 Oganeku, por lesiones leves agravadas por la intervenci\u00f3n de un menor de edad; Julieta Gabriela Quero, por lesiones leves agravadas por la intervenci\u00f3n de un menor de edad.<\/p>\n<p>Por el Ministerio P\u00fablico interviene el fiscal Leandro Flores. <strong>La defensa de los acusados est\u00e1 a cargo de Marcelo Arancibia, Sandra Ortiz y Carlos Genovese.<\/strong> En la querella particular se desempe\u00f1a Guillermo Alberto.<\/p>\n<figure id=\"attachment_1189\" aria-describedby=\"caption-attachment-1189\" style=\"width: 1224px\" class=\"wp-caption aligncenter\"><img loading=\"lazy\" decoding=\"async\" class=\"wp-image-1189 size-full\" src=\"https:\/\/muycritico.com.ar\/web\/wp-content\/uploads\/2024\/03\/SALA1-JUICIO-HOMICIDIO-PARQUE-SAN-MARTIN.jpg\" alt=\"\" width=\"1224\" height=\"595\" srcset=\"https:\/\/muycritico.com.ar\/web\/wp-content\/uploads\/2024\/03\/SALA1-JUICIO-HOMICIDIO-PARQUE-SAN-MARTIN.jpg 1224w, https:\/\/muycritico.com.ar\/web\/wp-content\/uploads\/2024\/03\/SALA1-JUICIO-HOMICIDIO-PARQUE-SAN-MARTIN-768x373.jpg 768w\" sizes=\"auto, (max-width: 1224px) 100vw, 1224px\" \/><figcaption id=\"caption-attachment-1189\" class=\"wp-caption-text\">Sala I del Tribunal de Juicio<\/figcaption><\/figure>\n<p>Durante el primer d\u00eda de la audiencia se llev\u00f3 a cabo la lectura de la requisitoria fiscal de elevaci\u00f3n a juicio. Tambi\u00e9n se ley\u00f3 la acusaci\u00f3n de la querella particular. Se les consult\u00f3 a los imputados si ten\u00edan previsto declarar pero todos se abstuvieron.<\/p>\n<p>Seguidamente se inici\u00f3 la recepci\u00f3n de pruebas testimoniales. Hoy declararon los padres de Alex Nahuel Vilte Mart\u00ednez. Solicitaron hacerlo sin la presencia de los acusados.<\/p>\n<p>La madre del joven relat\u00f3 la secuencia de hechos ocurridos la noche del 9 de octubre de 2021 y la madrugada del 10. Entre otros detalles, aport\u00f3 que ella estaba atendiendo su carro de venta de panchos, ubicado sobre calle San Mart\u00edn. Una de sus hijas estaba cerca. Dijo que los problemas comenzaron cuando Ponce Leal (quien se encontraba alcoholizado, seg\u00fan refiri\u00f3 la testigo) empez\u00f3 a insultar y a amenazar a otros feriantes. Sostuvo que \u00e9l, sus familiares y sus empleadas siempre hac\u00edan problemas por la ubicaci\u00f3n de los puestos, porque \u201cquer\u00edan manejar\u201d el parque. Se\u00f1al\u00f3 que no era la primera vez que generaban conflicto y que actuaban \u201cen manada\u201d para intimidar.<\/p>\n<p>Sobre la agresi\u00f3n a su hijo, manifest\u00f3 que el joven lleg\u00f3 preocupado luego de que ella se comunicara con su esposo para avisarle que Ponce Leal y su gente estaban causando problemas. La mujer cont\u00f3 que, en el marco de la disputa, en determinado momento ella se acerc\u00f3 al \u201cChino\u201d para recriminarle porque le hab\u00eda pegado a una de sus hijas. Nahuel la sigui\u00f3. Fue entonces que se produjo la agresi\u00f3n contra el joven. Su madre manifest\u00f3 que, en un primer momento, ella no advirti\u00f3 la herida en el cuello. Luego vio que emanaba abundante sangre y enseguida el joven se desvaneci\u00f3. La autopsia determin\u00f3 que el deceso se produjo por shock hipovol\u00e9mico por lesi\u00f3n de grandes vasos en el cuello, con arma blanca.<\/p>\n<p>El homicidio de Alex Nahuel Vilte Mart\u00ednez ocurri\u00f3 el 10 de octubre de 2021. Otras personas resultaron heridas en el marco de la disputa que tuvo lugar ese d\u00eda entre los puesteros del parque San Mart\u00edn.<\/p>\n","protected":false},"excerpt":{"rendered":"<p>En la Sala I del Tribunal de Juicio comenz\u00f3 hoy la audiencia de debate seguida por el homicidio de Alex Nahuel Vilte Mart\u00ednez (21), ocurrido en octubre de 2021 en el parque San Mart\u00edn. La audiencia de debate \u2013con seis imputados\u2013 es presidida por el juez\u00a0 Leonardo Gabriel Feans. La defensa de los acusados est\u00e1 [&hellip;]<\/p>\n","protected":false},"author":2,"featured_media":1188,"comment_status":"open","ping_status":"closed","sticky":false,"template":"","format":"standard","meta":{"footnotes":""},"categories":[6],"tags":[76,872],"class_list":["post-1187","post","type-post","status-publish","format-standard","has-post-thumbnail","hentry","category-notas","tag-marcelo-arancibia","tag-victor-sacca"],"_links":{"self":[{"href":"https:\/\/muycritico.com.ar\/web\/index.php?rest_route=\/wp\/v2\/posts\/1187","targetHints":{"allow":["GET"]}}],"collection":[{"href":"https:\/\/muycritico.com.ar\/web\/index.php?rest_route=\/wp\/v2\/posts"}],"about":[{"href":"https:\/\/muycritico.com.ar\/web\/index.php?rest_route=\/wp\/v2\/types\/post"}],"author":[{"embeddable":true,"href":"https:\/\/muycritico.com.ar\/web\/index.php?rest_route=\/wp\/v2\/users\/2"}],"replies":[{"embeddable":true,"href":"https:\/\/muycritico.com.ar\/web\/index.php?rest_route=%2Fwp%2Fv2%2Fcomments&post=1187"}],"version-history":[{"count":2,"href":"https:\/\/muycritico.com.ar\/web\/index.php?rest_route=\/wp\/v2\/posts\/1187\/revisions"}],"predecessor-version":[{"id":1192,"href":"https:\/\/muycritico.com.ar\/web\/index.php?rest_route=\/wp\/v2\/posts\/1187\/revisions\/1192"}],"wp:featuredmedia":[{"embeddable":true,"href":"https:\/\/muycritico.com.ar\/web\/index.php?rest_route=\/wp\/v2\/media\/1188"}],"wp:attachment":[{"href":"https:\/\/muycritico.com.ar\/web\/index.php?rest_route=%2Fwp%2Fv2%2Fmedia&parent=1187"}],"wp:term":[{"taxonomy":"category","embeddable":true,"href":"https:\/\/muycritico.com.ar\/web\/index.php?rest_route=%2Fwp%2Fv2%2Fcategories&post=1187"},{"taxonomy":"post_tag","embeddable":true,"href":"https:\/\/muycritico.com.ar\/web\/index.php?rest_route=%2Fwp%2Fv2%2Ftags&post=1187"}],"curies":[{"name":"wp","href":"https:\/\/api.w.org\/{rel}","templated":true}]}}